{"id":254600,"date":"2026-04-30T17:45:58","date_gmt":"2026-04-30T20:45:58","guid":{"rendered":"https:\/\/corrientesdetarde.com\/?p=254600"},"modified":"2026-04-30T17:46:05","modified_gmt":"2026-04-30T20:46:05","slug":"condenaron-a-un-hombre-por-abuso-sexual-simple-contra-una-joven-con-discapacidad-en-corrientes","status":"publish","type":"post","link":"https:\/\/corrientesdetarde.com\/index.php\/policiales\/condenaron-a-un-hombre-por-abuso-sexual-simple-contra-una-joven-con-discapacidad-en-corrientes\/","title":{"rendered":"Condenaron a un hombre por abuso sexual simple contra una joven con discapacidad en Corrientes"},"content":{"rendered":"\n<p>El Tribunal de Juicio N\u00b0 1 de la ciudad de Corrientes conden\u00f3 a Alfredo Juan Pablo N\u00fa\u00f1ez a dos a\u00f1os de prisi\u00f3n condicional por el delito de abuso sexual simple, en perjuicio de una joven de 18 a\u00f1os con discapacidad. El abuso se logr\u00f3 comprobar aunque la situaci\u00f3n se interrumpi\u00f3 cuando la joven logr\u00f3 zafarse y huir, impulsada por el temor.&nbsp;<\/p>\n\n\n\n<p>La sentencia fue dictada por el juez unipersonal Dar\u00edo Alejandro Ortiz, quien concluy\u00f3 que el hecho qued\u00f3 acreditado &#8220;m\u00e1s all\u00e1 de toda duda razonable&#8221;, tanto en su existencia como en la autor\u00eda del imputado.&nbsp;<\/p>\n\n\n\n<p>El juez consider\u00f3 probado que el imputado aprovech\u00f3 un contexto de confianza familiar y la situaci\u00f3n de vulnerabilidad de la v\u00edctima para avanzar sobre su integridad sexual. La pena fue de dos a\u00f1os de prisi\u00f3n condicional.<\/p>\n\n\n\n<p>Por otra parte, agreg\u00f3 que la figura de abuso sexual simple no exige el contacto directo con genitales u otras partes \u00edntimas, sino que basta con la realizaci\u00f3n de actos de contenido sexual que importen una injerencia indebida en la esfera de autodeterminaci\u00f3n sexual de la v\u00edctima.<\/p>\n\n\n\n<p><strong>El hecho<\/strong><\/p>\n\n\n\n<p>Seg\u00fan se tuvo por probado en el juicio, el hecho ocurri\u00f3 el 27 de noviembre de 2024 en la vivienda de la v\u00edctima, ubicada en el barrio Sol de Mayo de la capital correntina.<\/p>\n\n\n\n<p>En ese contexto, el imputado \u2014quien manten\u00eda un v\u00ednculo familiar cercano con la joven\u2014 ingres\u00f3 a su habitaci\u00f3n y despleg\u00f3 una conducta de contenido sexual.<\/p>\n\n\n\n<p>El fallo describe que N\u00fa\u00f1ez tom\u00f3 a la v\u00edctima &#8220;fuertemente del brazo&#8221;, la acorral\u00f3 y le dijo &#8220;ven\u00ed, vamos a jugar&#8221;, para luego sujetarla de la cintura y acercarla hacia su cuerpo, en un intento de llevarla hacia la cama. La situaci\u00f3n se interrumpi\u00f3 cuando la joven logr\u00f3 zafarse y huir, impulsada por el temor.&nbsp;<\/p>\n\n\n\n<p><strong>Argumentos del juez y valoraci\u00f3n de la prueba<\/strong><\/p>\n\n\n\n<p>Al fundamentar su decisi\u00f3n, el juez Ortiz sostuvo que el testimonio de la v\u00edctima fue &#8220;convincente y coherente&#8221;, y que result\u00f3 determinante para reconstruir lo ocurrido, especialmente teniendo en cuenta su condici\u00f3n de vulnerabilidad.&nbsp;<\/p>\n\n\n\n<p>En ese sentido, destac\u00f3 que la joven \u2014pese a sus limitaciones cognitivas\u2014 logr\u00f3 expresar lo sucedido tanto con palabras como con gestos, lo que reforz\u00f3 la credibilidad de su relato.<\/p>\n\n\n\n<p>El magistrado subray\u00f3 adem\u00e1s la relevancia de las pericias psicol\u00f3gicas, que evidenciaron indicadores compatibles con una situaci\u00f3n de abuso, como miedo, angustia y conductas evitativas.<\/p>\n\n\n\n<p>En palabras del juez:<\/p>\n\n\n\n<p>&#8220;Tengo por plenamente acreditado el hecho il\u00edcito [\u2026] y atribuido al encartado Alfredo Juan Pablo N\u00fa\u00f1ez, quien resulta ser el autor material del mismo&#8221;.&nbsp;<\/p>\n\n\n\n<p>Asimismo, remarc\u00f3 que la conducta del imputado no fue un acto inocente, sino un avance de contenido sexual realizado sin consentimiento, en un contexto de desigualdad de poder.<\/p>\n\n\n\n<p>&#8220;Los signos, se\u00f1ales o movimientos [\u2026] eran fiel reflejo del no consentimiento. Sin embargo, insist\u00eda el imputado con su conducta&#8221;.&nbsp;<\/p>\n\n\n\n<p>El fallo tambi\u00e9n pone el acento en la situaci\u00f3n de doble vulnerabilidad de la v\u00edctima \u2014por su condici\u00f3n de mujer y por su discapacidad\u2014 y en el aprovechamiento de la relaci\u00f3n de confianza familiar por parte del acusado.<\/p>\n\n\n\n<p><strong>La calificaci\u00f3n y la pena<\/strong><\/p>\n\n\n\n<p>El juez encuadr\u00f3 la conducta como abuso sexual simple, al considerar que no es necesario el contacto con zonas \u00edntimas para que se configure el delito, sino que basta con la realizaci\u00f3n de actos de contenido sexual que afecten la integridad de la v\u00edctima.&nbsp;<\/p>\n\n\n\n<p>En cuanto a la pena, se fij\u00f3 en dos a\u00f1os de prisi\u00f3n condicional, teniendo en cuenta como agravantes la vulnerabilidad de la v\u00edctima, el v\u00ednculo familiar y el da\u00f1o psicol\u00f3gico ocasionado, y como atenuantes la falta de antecedentes del imputado.<\/p>\n","protected":false},"excerpt":{"rendered":"<p>El Tribunal de Juicio N\u00b0 1 de la ciudad de Corrientes conden\u00f3 a Alfredo Juan Pablo N\u00fa\u00f1ez a dos a\u00f1os de prisi\u00f3n condicional por el delito de abuso sexual simple,&hellip; <\/p>\n","protected":false},"author":4,"featured_media":254601,"comment_status":"closed","ping_status":"open","sticky":false,"template":"","format":"standard","meta":{"footnotes":""},"categories":[33],"tags":[],"class_list":["post-254600","post","type-post","status-publish","format-standard","has-post-thumbnail","hentry","category-policiales"],"_links":{"self":[{"href":"https:\/\/corrientesdetarde.com\/index.php\/wp-json\/wp\/v2\/posts\/254600","targetHints":{"allow":["GET"]}}],"collection":[{"href":"https:\/\/corrientesdetarde.com\/index.php\/wp-json\/wp\/v2\/posts"}],"about":[{"href":"https:\/\/corrientesdetarde.com\/index.php\/wp-json\/wp\/v2\/types\/post"}],"author":[{"embeddable":true,"href":"https:\/\/corrientesdetarde.com\/index.php\/wp-json\/wp\/v2\/users\/4"}],"replies":[{"embeddable":true,"href":"https:\/\/corrientesdetarde.com\/index.php\/wp-json\/wp\/v2\/comments?post=254600"}],"version-history":[{"count":1,"href":"https:\/\/corrientesdetarde.com\/index.php\/wp-json\/wp\/v2\/posts\/254600\/revisions"}],"predecessor-version":[{"id":254602,"href":"https:\/\/corrientesdetarde.com\/index.php\/wp-json\/wp\/v2\/posts\/254600\/revisions\/254602"}],"wp:featuredmedia":[{"embeddable":true,"href":"https:\/\/corrientesdetarde.com\/index.php\/wp-json\/wp\/v2\/media\/254601"}],"wp:attachment":[{"href":"https:\/\/corrientesdetarde.com\/index.php\/wp-json\/wp\/v2\/media?parent=254600"}],"wp:term":[{"taxonomy":"category","embeddable":true,"href":"https:\/\/corrientesdetarde.com\/index.php\/wp-json\/wp\/v2\/categories?post=254600"},{"taxonomy":"post_tag","embeddable":true,"href":"https:\/\/corrientesdetarde.com\/index.php\/wp-json\/wp\/v2\/tags?post=254600"}],"curies":[{"name":"wp","href":"https:\/\/api.w.org\/{rel}","templated":true}]}}