{"id":254603,"date":"2026-04-30T17:49:13","date_gmt":"2026-04-30T20:49:13","guid":{"rendered":"https:\/\/corrientesdetarde.com\/?p=254603"},"modified":"2026-04-30T17:49:18","modified_gmt":"2026-04-30T20:49:18","slug":"un-comparsero-fallecio-en-esquina-y-sus-companeros-le-rindieron-homenaje","status":"publish","type":"post","link":"https:\/\/corrientesdetarde.com\/index.php\/policiales\/un-comparsero-fallecio-en-esquina-y-sus-companeros-le-rindieron-homenaje\/","title":{"rendered":"Un comparsero falleci\u00f3 en Esquina y sus compa\u00f1eros le rindieron homenaje"},"content":{"rendered":"\n<p>\u00c1ngel Isac Gonz\u00e1lez, a quien muchos conoc\u00edan como&nbsp; &#8220;Willy&#8221; muri\u00f3 en la tarde de ayer. La noticia&nbsp; provoc\u00f3 muestras de pesar entre vecinos, familiares y allegados.<\/p>\n\n\n\n<p>Ayer mi\u00e9rcoles 29 de abril muri\u00f3 \u00c1ngel Isac Gonz\u00e1lez, a quien muchos conoc\u00edan como &#8220;Willy&#8221;, en su domicilio. La noticia se conoci\u00f3 en las \u00faltimas horas y provoc\u00f3 muestras de pesar entre vecinos, familiares y allegados.<\/p>\n\n\n\n<p>Este jueves fue despedido en la localidad de Esquina, donde su comparsa le rindi\u00f3 homenaje con honores.<\/p>\n\n\n\n<p>Sus seres cercanos lo recordaron con afecto en una ceremonia marcada por la emoci\u00f3n.<\/p>\n\n\n\n<p>La despedida del popular Willy fue en la Sede del Club FootBall. Simpatizante reconocido de la Comparsa que es cobijada en sus instalaciones<\/p>\n\n\n\n<p>&#8220;Willy fue ese muchacho de barrio, amigo de todos, rompiendo barreras de clase. El se abrazaba con el doctor o el se\u00f1or humilde. Por eso el pueblo, sobre todo el Rojo y Negro acompa\u00f1\u00f3 hasta su \u00faltima morada&#8221;, escribieron en redes sociales.&nbsp;<\/p>\n","protected":false},"excerpt":{"rendered":"<p>\u00c1ngel Isac Gonz\u00e1lez, a quien muchos conoc\u00edan como&nbsp; &#8220;Willy&#8221; muri\u00f3 en la tarde de ayer. La noticia&nbsp; provoc\u00f3 muestras de pesar entre vecinos, familiares y allegados. Ayer mi\u00e9rcoles 29 de&hellip; <\/p>\n","protected":false},"author":4,"featured_media":254604,"comment_status":"closed","ping_status":"open","sticky":false,"template":"","format":"standard","meta":{"footnotes":""},"categories":[33],"tags":[],"class_list":["post-254603","post","type-post","status-publish","format-standard","has-post-thumbnail","hentry","category-policiales"],"_links":{"self":[{"href":"https:\/\/corrientesdetarde.com\/index.php\/wp-json\/wp\/v2\/posts\/254603","targetHints":{"allow":["GET"]}}],"collection":[{"href":"https:\/\/corrientesdetarde.com\/index.php\/wp-json\/wp\/v2\/posts"}],"about":[{"href":"https:\/\/corrientesdetarde.com\/index.php\/wp-json\/wp\/v2\/types\/post"}],"author":[{"embeddable":true,"href":"https:\/\/corrientesdetarde.com\/index.php\/wp-json\/wp\/v2\/users\/4"}],"replies":[{"embeddable":true,"href":"https:\/\/corrientesdetarde.com\/index.php\/wp-json\/wp\/v2\/comments?post=254603"}],"version-history":[{"count":1,"href":"https:\/\/corrientesdetarde.com\/index.php\/wp-json\/wp\/v2\/posts\/254603\/revisions"}],"predecessor-version":[{"id":254605,"href":"https:\/\/corrientesdetarde.com\/index.php\/wp-json\/wp\/v2\/posts\/254603\/revisions\/254605"}],"wp:featuredmedia":[{"embeddable":true,"href":"https:\/\/corrientesdetarde.com\/index.php\/wp-json\/wp\/v2\/media\/254604"}],"wp:attachment":[{"href":"https:\/\/corrientesdetarde.com\/index.php\/wp-json\/wp\/v2\/media?parent=254603"}],"wp:term":[{"taxonomy":"category","embeddable":true,"href":"https:\/\/corrientesdetarde.com\/index.php\/wp-json\/wp\/v2\/categories?post=254603"},{"taxonomy":"post_tag","embeddable":true,"href":"https:\/\/corrientesdetarde.com\/index.php\/wp-json\/wp\/v2\/tags?post=254603"}],"curies":[{"name":"wp","href":"https:\/\/api.w.org\/{rel}","templated":true}]}}