{"id":254606,"date":"2026-04-30T18:09:38","date_gmt":"2026-04-30T21:09:38","guid":{"rendered":"https:\/\/corrientesdetarde.com\/?p=254606"},"modified":"2026-04-30T18:09:50","modified_gmt":"2026-04-30T21:09:50","slug":"impulsan-una-campana-de-firmas-para-avanzar-con-la-ley-nadia","status":"publish","type":"post","link":"https:\/\/corrientesdetarde.com\/index.php\/actualidad\/impulsan-una-campana-de-firmas-para-avanzar-con-la-ley-nadia\/","title":{"rendered":"Impulsan una campa\u00f1a de firmas para avanzar con la Ley Nadia"},"content":{"rendered":"\n<p>La actividad se desarroll\u00f3 en un punto clave de la ciudad durante la ma\u00f1ana del jueves. La iniciativa busca reunir adhesiones para dar un paso institucional.<\/p>\n\n\n\n<p>Este jueves desde las 9.30, en la plaza Vera de la ciudad de Corrientes, profesionales y voluntarios llevaron adelante una campa\u00f1a de recolecci\u00f3n de firmas para impulsar la denominada Ley Nadia, un proyecto que propone un abordaje integral de la problem\u00e1tica del suicidio y que requiere reunir 15 mil adhesiones para avanzar bajo la figura de Iniciativa Ciudadana. La convocatoria, coordinada por Jaquelina E. Guti\u00e9rrez, tuvo como objetivo acercar la propuesta a la comunidad y sumar el respaldo necesario para su tratamiento legislativo.<\/p>\n\n\n\n<p>Durante la jornada, los organizadores se instalaron en el paseo c\u00e9ntrico para dialogar con vecinos y transe\u00fantes, brindar informaci\u00f3n sobre el alcance del proyecto y facilitar la firma de quienes decidieran acompa\u00f1ar la iniciativa. La elecci\u00f3n del lugar respondi\u00f3 a la intenci\u00f3n de maximizar la visibilidad y el contacto directo con la ciudadan\u00eda.<\/p>\n\n\n\n<p>La Ley Nadia plantea una respuesta integral frente al suicidio, contemplando acciones de prevenci\u00f3n, asistencia y acompa\u00f1amiento, adem\u00e1s de pol\u00edticas p\u00fablicas orientadas a la salud mental. En este sentido, la campa\u00f1a no solo busc\u00f3 reunir firmas, sino tambi\u00e9n generar conciencia sobre una problem\u00e1tica sensible que requiere abordajes interdisciplinarios.<\/p>\n\n\n\n<p>Seg\u00fan indicaron desde la organizaci\u00f3n, alcanzar el n\u00famero de adhesiones exigido es un paso clave para que el proyecto pueda ingresar formalmente en la agenda legislativa. Por ello, adelantaron que continuar\u00e1n con este tipo de actividades en distintos puntos de la ciudad hasta completar el objetivo establecido.<\/p>\n","protected":false},"excerpt":{"rendered":"<p>La actividad se desarroll\u00f3 en un punto clave de la ciudad durante la ma\u00f1ana del jueves. La iniciativa busca reunir adhesiones para dar un paso institucional. Este jueves desde las&hellip; <\/p>\n","protected":false},"author":4,"featured_media":254607,"comment_status":"closed","ping_status":"open","sticky":false,"template":"","format":"standard","meta":{"footnotes":""},"categories":[23],"tags":[],"class_list":["post-254606","post","type-post","status-publish","format-standard","has-post-thumbnail","hentry","category-actualidad"],"_links":{"self":[{"href":"https:\/\/corrientesdetarde.com\/index.php\/wp-json\/wp\/v2\/posts\/254606","targetHints":{"allow":["GET"]}}],"collection":[{"href":"https:\/\/corrientesdetarde.com\/index.php\/wp-json\/wp\/v2\/posts"}],"about":[{"href":"https:\/\/corrientesdetarde.com\/index.php\/wp-json\/wp\/v2\/types\/post"}],"author":[{"embeddable":true,"href":"https:\/\/corrientesdetarde.com\/index.php\/wp-json\/wp\/v2\/users\/4"}],"replies":[{"embeddable":true,"href":"https:\/\/corrientesdetarde.com\/index.php\/wp-json\/wp\/v2\/comments?post=254606"}],"version-history":[{"count":1,"href":"https:\/\/corrientesdetarde.com\/index.php\/wp-json\/wp\/v2\/posts\/254606\/revisions"}],"predecessor-version":[{"id":254608,"href":"https:\/\/corrientesdetarde.com\/index.php\/wp-json\/wp\/v2\/posts\/254606\/revisions\/254608"}],"wp:featuredmedia":[{"embeddable":true,"href":"https:\/\/corrientesdetarde.com\/index.php\/wp-json\/wp\/v2\/media\/254607"}],"wp:attachment":[{"href":"https:\/\/corrientesdetarde.com\/index.php\/wp-json\/wp\/v2\/media?parent=254606"}],"wp:term":[{"taxonomy":"category","embeddable":true,"href":"https:\/\/corrientesdetarde.com\/index.php\/wp-json\/wp\/v2\/categories?post=254606"},{"taxonomy":"post_tag","embeddable":true,"href":"https:\/\/corrientesdetarde.com\/index.php\/wp-json\/wp\/v2\/tags?post=254606"}],"curies":[{"name":"wp","href":"https:\/\/api.w.org\/{rel}","templated":true}]}}