{"id":254609,"date":"2026-04-30T18:51:13","date_gmt":"2026-04-30T21:51:13","guid":{"rendered":"https:\/\/corrientesdetarde.com\/?p=254609"},"modified":"2026-04-30T18:51:19","modified_gmt":"2026-04-30T21:51:19","slug":"fin-de-semana-con-travesias-acuaticasactividades-deportivas-y-propuestas-culturales-al-aire-libre","status":"publish","type":"post","link":"https:\/\/corrientesdetarde.com\/index.php\/actualidad\/fin-de-semana-con-travesias-acuaticasactividades-deportivas-y-propuestas-culturales-al-aire-libre\/","title":{"rendered":"Fin de semana con traves\u00edas acu\u00e1ticas,actividades deportivas y propuestas culturales al aire libre"},"content":{"rendered":"\n<p><em>Con actividades gratuitas que combinan deporte, cultura, tradici\u00f3n y recreaci\u00f3n al aire libre, la ciudad ofrecer\u00e1 una agenda diversa pensada para todas las edades en playas, costanera y espacios p\u00fablicos. Entre ellas habr\u00e1 ferias, evento cervecero, festival de la Cruz, entre otras.<\/em><\/p>\n\n\n\n<figure class=\"wp-block-image size-large\"><img loading=\"lazy\" decoding=\"async\" width=\"1024\" height=\"678\" src=\"https:\/\/corrientesdetarde.com\/wp-content\/uploads\/2026\/04\/Captura-de-pantalla-2026-04-30-181931-1024x678.png\" alt=\"\" class=\"wp-image-254611\" srcset=\"https:\/\/corrientesdetarde.com\/wp-content\/uploads\/2026\/04\/Captura-de-pantalla-2026-04-30-181931-1024x678.png 1024w, https:\/\/corrientesdetarde.com\/wp-content\/uploads\/2026\/04\/Captura-de-pantalla-2026-04-30-181931-300x199.png 300w, https:\/\/corrientesdetarde.com\/wp-content\/uploads\/2026\/04\/Captura-de-pantalla-2026-04-30-181931-768x508.png 768w, https:\/\/corrientesdetarde.com\/wp-content\/uploads\/2026\/04\/Captura-de-pantalla-2026-04-30-181931.png 1342w\" sizes=\"auto, (max-width: 1024px) 100vw, 1024px\" \/><\/figure>\n\n\n\n<p>La Municipalidad de Corrientes presenta una variada agenda de actividades recreativas, deportivas y culturales para este fin de semana, que se desarrollar\u00e1n el s\u00e1bado 2 y domingo 3 de mayo en distintos espacios p\u00fablicos de la ciudad, con acceso libre y gratuito para vecinos y visitantes.<br><br>En l\u00ednea con las pol\u00edticas impulsadas por la gesti\u00f3n del intendente Claudio Polich, la propuesta busca fomentar el uso de los espacios p\u00fablicos, fortalecer el turismo local y promover h\u00e1bitos saludables a trav\u00e9s de iniciativas inclusivas y accesibles para todas las edades. La programaci\u00f3n contempla eventos deportivos, ferias de emprendedores, actividades recreativas en playas y propuestas culturales que invitan a disfrutar de la ciudad en comunidad.<br><br>El s\u00e1bado 2 de mayo iniciar\u00e1 con la competencia de aguas abiertas \u201cTraves\u00eda Correntina\u201d, que se desarrollar\u00e1 desde la playa Malvinas I hasta la playa Arazaty I a partir de las 8. La actividad, de car\u00e1cter gratuito, convoca a nadadores y p\u00fablico en general a participar de una experiencia deportiva en el r\u00edo Paran\u00e1.<br><br>Durante los d\u00edas s\u00e1bado y domingo, de 10 a 21, la Costanera Sur (Av. Juan Pablo II y Necochea) ser\u00e1 sede de la tradicional Feria de Artesanos, con una amplia oferta de productos regionales y elaboraciones locales.<br><br>Por la tarde, desde las 16, la playa Arazaty I ser\u00e1 escenario de clases gratuitas de kayak con inscripci\u00f3n previa al n\u00famero: 3794-596271, mientras que a partir de las 17 se desarrollar\u00e1n m\u00faltiples actividades recreativas simult\u00e1neas: encuentros de f\u00fatbol y v\u00f3ley en playa Molina Punta, clases de zumba y ritmos en Arazaty, tejo en la playa en Arazaty II y f\u00fatbol waliki en Arazaty I, todas abiertas a la comunidad.<br><br>A las 18, la Casa del Bicentenario albergar\u00e1 la entrega de premios de los Carnavales Barriales 2026, con espect\u00e1culos en vivo y la participaci\u00f3n de comparsas, en una jornada que celebrar\u00e1 la cultura y la identidad local.<br><br>La propuesta del s\u00e1bado continuar\u00e1 desde las 19 en el Paseo Terrazas del Paran\u00e1 con el Patio Cervecero, que combinar\u00e1 gastronom\u00eda, cerveza artesanal y m\u00fasica en vivo en un entorno al aire libre.<br><br>DEPORTE, CULTURA Y TRADICI\u00d3N<br>El domingo 3 de mayo continuar\u00e1 la agenda con una nutrida programaci\u00f3n en distintos puntos de la ciudad.<br><br>A partir de las 15, se desarrollar\u00e1 el Festival de la Cruz, que incluir\u00e1 una procesi\u00f3n por la ciudad, misa y espect\u00e1culos art\u00edsticos en la zona de Belgrano entre Salta y Buenos Aires, convocando a fieles y p\u00fablico en general en una propuesta que combina tradici\u00f3n religiosa y expresi\u00f3n cultural.<br><br>Desde las 16, se repetir\u00e1n las clases gratuitas de kayak en playa Arazaty I, junto con la \u201cTraves\u00eda Interplayas\u201d, una experiencia que partir\u00e1 desde playa Molina Punta hasta Arazaty, ofreciendo una alternativa recreativa y deportiva en el r\u00edo. Los interesados en participar deben inscribirse al: 3794-596271.<br><br>A partir de las 17, continuar\u00e1n las actividades recreativas en playas con encuentros de f\u00fatbol y v\u00f3ley en Molina Punta, clases de zumba y ritmos en Arazaty, tejo en Arazaty II y f\u00fatbol waliki en Arazaty I, promoviendo la actividad f\u00edsica y la integraci\u00f3n comunitaria.<br><br>A trav\u00e9s de esta agenda, la Municipalidad de Corrientes reafirma su compromiso con la promoci\u00f3n del deporte, la cultura, el turismo y la vida saludable, fortaleciendo el espacio p\u00fablico como \u00e1mbito de encuentro, recreaci\u00f3n y desarrollo social.<\/p>\n\n\n\n<p><\/p>\n","protected":false},"excerpt":{"rendered":"<p>Con actividades gratuitas que combinan deporte, cultura, tradici\u00f3n y recreaci\u00f3n al aire libre, la ciudad ofrecer\u00e1 una agenda diversa pensada para todas las edades en playas, costanera y espacios p\u00fablicos.&hellip; <\/p>\n","protected":false},"author":4,"featured_media":254610,"comment_status":"closed","ping_status":"open","sticky":false,"template":"","format":"standard","meta":{"footnotes":""},"categories":[23],"tags":[],"class_list":["post-254609","post","type-post","status-publish","format-standard","has-post-thumbnail","hentry","category-actualidad"],"_links":{"self":[{"href":"https:\/\/corrientesdetarde.com\/index.php\/wp-json\/wp\/v2\/posts\/254609","targetHints":{"allow":["GET"]}}],"collection":[{"href":"https:\/\/corrientesdetarde.com\/index.php\/wp-json\/wp\/v2\/posts"}],"about":[{"href":"https:\/\/corrientesdetarde.com\/index.php\/wp-json\/wp\/v2\/types\/post"}],"author":[{"embeddable":true,"href":"https:\/\/corrientesdetarde.com\/index.php\/wp-json\/wp\/v2\/users\/4"}],"replies":[{"embeddable":true,"href":"https:\/\/corrientesdetarde.com\/index.php\/wp-json\/wp\/v2\/comments?post=254609"}],"version-history":[{"count":1,"href":"https:\/\/corrientesdetarde.com\/index.php\/wp-json\/wp\/v2\/posts\/254609\/revisions"}],"predecessor-version":[{"id":254612,"href":"https:\/\/corrientesdetarde.com\/index.php\/wp-json\/wp\/v2\/posts\/254609\/revisions\/254612"}],"wp:featuredmedia":[{"embeddable":true,"href":"https:\/\/corrientesdetarde.com\/index.php\/wp-json\/wp\/v2\/media\/254610"}],"wp:attachment":[{"href":"https:\/\/corrientesdetarde.com\/index.php\/wp-json\/wp\/v2\/media?parent=254609"}],"wp:term":[{"taxonomy":"category","embeddable":true,"href":"https:\/\/corrientesdetarde.com\/index.php\/wp-json\/wp\/v2\/categories?post=254609"},{"taxonomy":"post_tag","embeddable":true,"href":"https:\/\/corrientesdetarde.com\/index.php\/wp-json\/wp\/v2\/tags?post=254609"}],"curies":[{"name":"wp","href":"https:\/\/api.w.org\/{rel}","templated":true}]}}