{"id":25461,"date":"2022-12-06T09:17:10","date_gmt":"2022-12-06T12:17:10","guid":{"rendered":"https:\/\/corrientesdetarde.com\/?p=25461"},"modified":"2022-12-06T09:17:12","modified_gmt":"2022-12-06T12:17:12","slug":"asi-vestira-la-seleccion-argentina-ante-paises-bajos","status":"publish","type":"post","link":"https:\/\/corrientesdetarde.com\/index.php\/deportes\/asi-vestira-la-seleccion-argentina-ante-paises-bajos\/","title":{"rendered":"As\u00ed vestir\u00e1 la Selecci\u00f3n Argentina ante Pa\u00edses Bajos"},"content":{"rendered":"\n<p>El equipo de Lionel Scaloni lucir\u00e1 la camiseta titular pero con pantalones y medias blancas en los cuartos de final ante los europeos.<\/p>\n\n\n\n<p>Este viernes desde las 16 horas la Selecci\u00f3n Argentina debe enfrentar a Pa\u00edses Bajos por los cuartos de final con la ilusi\u00f3n de seguir en camino a la consagraci\u00f3n en el Mundial de Qatar 2022.<\/p>\n\n\n\n<p><br>Este martes se supo que para este duelo trascendental ante los europeos de Van Gaal el equipo encabezado por Leo Messi tendr\u00e1 una combinaci\u00f3n in\u00e9dita en su indumentaria. El plantel utilizar\u00e1 la camiseta albiceleste tradicional pero completar\u00e1 la vestimenta con short y medias blancas. El look de la casaca titular generalmente se completa con pantaloncitos y medias negras.<\/p>\n\n\n\n<p>Esta combinaci\u00f3n \u00edntegramente blanca era algo que la Selecci\u00f3n Argentina nunca hab\u00eda usado en todo lo que lleva jugado de Mundial. Ante Arabia Saudita, M\u00e9xico y Australia visti\u00f3 la casaca titular, pero ante los americanos utiliz\u00f3 medias blancas, cuando en los otros partidos lo hizo con negras y short negro Mientras que contra Polonia, en el \u00faltimo juego de la fase de grupos, estren\u00f3 la camiseta alternativa y los jugadores se vistieron \u00edntegramente de violeta. Por su parte, los arqueros lucir\u00e1n la indumentaria roja.<\/p>\n\n\n\n<p>De la vereda de enfrente, Pa\u00edses Bajos tambi\u00e9n conoce ya como saltar\u00e1 a la cancha y lo har\u00e1 totalmente en su tradicional naranja y con sus arqueros de verde.<\/p>\n","protected":false},"excerpt":{"rendered":"<p>El equipo de Lionel Scaloni lucir\u00e1 la camiseta titular pero con pantalones y medias blancas en los cuartos de final ante los europeos. Este viernes desde las 16 horas la&hellip; <\/p>\n","protected":false},"author":4,"featured_media":25529,"comment_status":"closed","ping_status":"open","sticky":false,"template":"","format":"standard","meta":{"footnotes":""},"categories":[4],"tags":[],"class_list":["post-25461","post","type-post","status-publish","format-standard","has-post-thumbnail","hentry","category-deportes"],"_links":{"self":[{"href":"https:\/\/corrientesdetarde.com\/index.php\/wp-json\/wp\/v2\/posts\/25461","targetHints":{"allow":["GET"]}}],"collection":[{"href":"https:\/\/corrientesdetarde.com\/index.php\/wp-json\/wp\/v2\/posts"}],"about":[{"href":"https:\/\/corrientesdetarde.com\/index.php\/wp-json\/wp\/v2\/types\/post"}],"author":[{"embeddable":true,"href":"https:\/\/corrientesdetarde.com\/index.php\/wp-json\/wp\/v2\/users\/4"}],"replies":[{"embeddable":true,"href":"https:\/\/corrientesdetarde.com\/index.php\/wp-json\/wp\/v2\/comments?post=25461"}],"version-history":[{"count":1,"href":"https:\/\/corrientesdetarde.com\/index.php\/wp-json\/wp\/v2\/posts\/25461\/revisions"}],"predecessor-version":[{"id":25530,"href":"https:\/\/corrientesdetarde.com\/index.php\/wp-json\/wp\/v2\/posts\/25461\/revisions\/25530"}],"wp:featuredmedia":[{"embeddable":true,"href":"https:\/\/corrientesdetarde.com\/index.php\/wp-json\/wp\/v2\/media\/25529"}],"wp:attachment":[{"href":"https:\/\/corrientesdetarde.com\/index.php\/wp-json\/wp\/v2\/media?parent=25461"}],"wp:term":[{"taxonomy":"category","embeddable":true,"href":"https:\/\/corrientesdetarde.com\/index.php\/wp-json\/wp\/v2\/categories?post=25461"},{"taxonomy":"post_tag","embeddable":true,"href":"https:\/\/corrientesdetarde.com\/index.php\/wp-json\/wp\/v2\/tags?post=25461"}],"curies":[{"name":"wp","href":"https:\/\/api.w.org\/{rel}","templated":true}]}}