{"id":254613,"date":"2026-04-30T19:36:42","date_gmt":"2026-04-30T22:36:42","guid":{"rendered":"https:\/\/corrientesdetarde.com\/?p=254613"},"modified":"2026-04-30T19:36:48","modified_gmt":"2026-04-30T22:36:48","slug":"polich-en-la-muni-en-tu-barrio-la-cercania-es-clave-para-una-gestion-municipal-exitosa","status":"publish","type":"post","link":"https:\/\/corrientesdetarde.com\/index.php\/destacados\/polich-en-la-muni-en-tu-barrio-la-cercania-es-clave-para-una-gestion-municipal-exitosa\/","title":{"rendered":"Polich en La Muni en tu Barrio: \u201cLa cercan\u00eda es clave para una gesti\u00f3n municipal exitosa\u201d"},"content":{"rendered":"\n<p><em>El jefe comunal particip\u00f3 de un nuevo operativo integral de la Municipalidad en el barrio Doctor Monta\u00f1a. Los vecinos recibieron atenci\u00f3n m\u00e9dica, asesoramiento jur\u00eddico, venta de garrafa social, entre otros. Los programas Mascotas Saludables y el Descacharrado tambi\u00e9n dijeron presente. \u201cNuestro trabajo es producir las transformaciones desde lo cotidiano\u201d, se\u00f1al\u00f3.<\/em><\/p>\n\n\n\n<figure class=\"wp-block-embed is-type-video is-provider-youtube wp-block-embed-youtube wp-embed-aspect-16-9 wp-has-aspect-ratio\"><div class=\"wp-block-embed__wrapper\">\n<iframe loading=\"lazy\" title=\"Polich en La Muni en tu Barrio: \u201cLa cercan\u00eda es clave para una gesti\u00f3n municipal exitosa&quot;\" width=\"1110\" height=\"624\" src=\"https:\/\/www.youtube.com\/embed\/ZQM2b6vQ3w4?feature=oembed\" frameborder=\"0\" allow=\"accelerometer; autoplay; clipboard-write; encrypted-media; gyroscope; picture-in-picture; web-share\" referrerpolicy=\"strict-origin-when-cross-origin\" allowfullscreen><\/iframe>\n<\/div><\/figure>\n\n\n\n<p>El intendente Claudio Polich acompa\u00f1\u00f3 un nuevo operativo integral de \u201cLa Muni en tu barrio\u201d, cuyo recorrido itinerante tuvo lugar en el barrio Dr. Monta\u00f1a. Hasta all\u00ed acudieron los vecinos del lugar y de zonas adyacentes, quienes aprovecharon las m\u00faltiples prestaciones y servicios gratuitos que acerca la Municipalidad en diferentes sectores de la ciudad.<br><br>El epicentro del operativo fue la esquina de Fern\u00e1ndez de Morat\u00edn y Arist\u00f3bulo del Valle, donde la gesti\u00f3n municipal, junto con diferentes \u00e1reas del Gobierno provincial, brindaron a los presentes numerosos servicios de salud, como: control de peso y talla, atenci\u00f3n m\u00e9dica integral, odontolog\u00eda, monitoreo de hipertensi\u00f3n arterial y glucemia, as\u00ed como control y actualizaci\u00f3n de los esquemas de vacunaci\u00f3n, entre otros.<br><br>\u201cEste programa es una manera de acercar varios servicios gratuitos a los vecinos\u201d, remarc\u00f3 el intendente, al tiempo que destac\u00f3 la gran participaci\u00f3n de la comunidad. \u201cNos pone contentos poder acercarle soluciones a los distintos problemas a la gente que est\u00e1 m\u00e1s alejada del centro\u201d, expres\u00f3.<br><br>\u201cLa gente entiende que la Municipalidad y el Gobierno provincial est\u00e1n haciendo todo lo posible para acercar los servicios que sean necesarios; hay interacci\u00f3n entre los profesionales de la Municipalidad y los vecinos, lo que nos gratifica porque es la forma en que se va construyendo una sociedad mejor, m\u00e1s justa y tolerante\u201d, sostuvo Polich.<\/p>\n\n\n\n<figure class=\"wp-block-image size-large\"><img loading=\"lazy\" decoding=\"async\" width=\"1024\" height=\"671\" src=\"https:\/\/corrientesdetarde.com\/wp-content\/uploads\/2026\/04\/image-647-1024x671.png\" alt=\"\" class=\"wp-image-254614\" srcset=\"https:\/\/corrientesdetarde.com\/wp-content\/uploads\/2026\/04\/image-647-1024x671.png 1024w, https:\/\/corrientesdetarde.com\/wp-content\/uploads\/2026\/04\/image-647-300x197.png 300w, https:\/\/corrientesdetarde.com\/wp-content\/uploads\/2026\/04\/image-647-768x503.png 768w, https:\/\/corrientesdetarde.com\/wp-content\/uploads\/2026\/04\/image-647.png 1351w\" sizes=\"auto, (max-width: 1024px) 100vw, 1024px\" \/><\/figure>\n\n\n\n<p><br><br>El jefe comunal enfatiz\u00f3 la importancia de llevar adelante este tipo de programas, ya que \u201cla cercan\u00eda con el vecino es necesaria, es el condimento de la gesti\u00f3n municipal. Nuestro trabajo fundamental es tratar de producir las transformaciones que sean necesarias desde lo cotidiano\u201d, sostuvo.<br><br>Finalmente, el intendente inst\u00f3 a los vecinos a que sigan las redes sociales del municipio para enterarse de d\u00f3nde se realizar\u00e1n los pr\u00f3ximos operativos. Y adelant\u00f3 que \u201cvamos a empezar un ciclo de sorteos e importantes premios para la gente que nos sigue\u201d.<br><br>M\u00daLTIPLES SERVICIOS<br>Durante la jornada, adem\u00e1s de las prestaciones m\u00e9dicas, se llevaron adelante asesoramientos y prestaciones en materia de pensiones no contributivas, mediaci\u00f3n, defensa del consumidor, ni\u00f1ez, diversidad y g\u00e9nero, DNI, SUBE, \u00d1ande Huerta, delegaciones municipales, comisiones vecinales, servicio de peluquer\u00eda, garrafa social y tambi\u00e9n estuvo el programa \u201cLa prevenci\u00f3n la hacemos entre todos\u201d del Ministerio de Seguridad y la Oficina de Empleo.<br><br>Como es habitual, acompa\u00f1\u00f3 el exitoso programa Mascotas Saludables, que promueve la tenencia responsable de animales dom\u00e9sticos, acercando control veterinario, desparasitaci\u00f3n y colocaci\u00f3n de vacunas antirr\u00e1bicas, por orden de llegada.<br><br>En tanto que en el quir\u00f3fano m\u00f3vil se llev\u00f3 adelante la esterilizaci\u00f3n (castraci\u00f3n) de los animales, requiri\u00e9ndose en estos casos la inscripci\u00f3n previa. Para acceder a la misma se deben inscribir en el turnero web:\u00a0<a href=\"https:\/\/ciudaddecorrientes.gov.ar\/mascotassaludables\" target=\"_blank\" rel=\"noreferrer noopener\">https:\/\/ciudaddecorrientes.gov.ar\/mascotassaludables<\/a><br><br>El operativo continu\u00f3 en horas de la tarde con tareas de descacharrado, que comprenden acciones en favor del ambiente y preventivas contra el dengue.<br><br>CRONOGRAMA<br>El programa \u201cLa Muni en tu barrio\u201d iniciar\u00e1 el mes de mayo con un operativo integral que se cumplir\u00e1 el pr\u00f3ximo mi\u00e9rcoles 6, de 8 a 12, en la cancha de f\u00fatbol ubicada en Las Violetas y Los Alel\u00edes del Molina Punta.<br><br>Las presentaciones restantes tendr\u00e1n lugar en estos d\u00edas y barrios:<br>\u2022 13 de mayo: B\u00ba Quintana (Cangallo y Frondizi). Plaza Ex Combatientes de Malvinas.<br>\u2022 20 de mayo: B\u00ba Anah\u00ed (Canal 13 y Nueva Zelanda).<br>\u2022 27 de mayo: B\u00ba Quilmes (Av. Juan de Garay y Hernandarias).<br><br>MASCOTAS SALUDABLES<br>Ahora, el programa Mascotas Saludables refuerza su presencia en diferentes sectores de la ciudad.<br>En el caso de las esterilizaciones (castraciones), y \u00fanicamente para los servicios que se brindan los d\u00edas lunes, la reserva de turnos debe realizarse con anterioridad en las delegaciones municipales de cada sector.<br><br>El cronograma de atenci\u00f3n para mayo comenzar\u00e1 el pr\u00f3ximo lunes 4, de 8 a 12, en Jos\u00e9 Ferraud y Lorenzo Toledo del Pirayu\u00ed Nuevo. El 11 de mayo estar\u00e1 en Guido Spano 2455 (plaza QOM) del barrio Ba\u00f1ado Norte, mientras que el 18 estar\u00e1 en Mocoret\u00e1 1225 del barrio R\u00edo Paran\u00e1.<\/p>\n","protected":false},"excerpt":{"rendered":"<p>El jefe comunal particip\u00f3 de un nuevo operativo integral de la Municipalidad en el barrio Doctor Monta\u00f1a. Los vecinos recibieron atenci\u00f3n m\u00e9dica, asesoramiento jur\u00eddico, venta de garrafa social, entre otros.&hellip; <\/p>\n","protected":false},"author":4,"featured_media":254615,"comment_status":"closed","ping_status":"open","sticky":false,"template":"","format":"standard","meta":{"footnotes":""},"categories":[26],"tags":[],"class_list":["post-254613","post","type-post","status-publish","format-standard","has-post-thumbnail","hentry","category-destacados"],"_links":{"self":[{"href":"https:\/\/corrientesdetarde.com\/index.php\/wp-json\/wp\/v2\/posts\/254613","targetHints":{"allow":["GET"]}}],"collection":[{"href":"https:\/\/corrientesdetarde.com\/index.php\/wp-json\/wp\/v2\/posts"}],"about":[{"href":"https:\/\/corrientesdetarde.com\/index.php\/wp-json\/wp\/v2\/types\/post"}],"author":[{"embeddable":true,"href":"https:\/\/corrientesdetarde.com\/index.php\/wp-json\/wp\/v2\/users\/4"}],"replies":[{"embeddable":true,"href":"https:\/\/corrientesdetarde.com\/index.php\/wp-json\/wp\/v2\/comments?post=254613"}],"version-history":[{"count":1,"href":"https:\/\/corrientesdetarde.com\/index.php\/wp-json\/wp\/v2\/posts\/254613\/revisions"}],"predecessor-version":[{"id":254616,"href":"https:\/\/corrientesdetarde.com\/index.php\/wp-json\/wp\/v2\/posts\/254613\/revisions\/254616"}],"wp:featuredmedia":[{"embeddable":true,"href":"https:\/\/corrientesdetarde.com\/index.php\/wp-json\/wp\/v2\/media\/254615"}],"wp:attachment":[{"href":"https:\/\/corrientesdetarde.com\/index.php\/wp-json\/wp\/v2\/media?parent=254613"}],"wp:term":[{"taxonomy":"category","embeddable":true,"href":"https:\/\/corrientesdetarde.com\/index.php\/wp-json\/wp\/v2\/categories?post=254613"},{"taxonomy":"post_tag","embeddable":true,"href":"https:\/\/corrientesdetarde.com\/index.php\/wp-json\/wp\/v2\/tags?post=254613"}],"curies":[{"name":"wp","href":"https:\/\/api.w.org\/{rel}","templated":true}]}}