{"id":254619,"date":"2026-04-30T23:18:20","date_gmt":"2026-05-01T02:18:20","guid":{"rendered":"https:\/\/corrientesdetarde.com\/?p=254619"},"modified":"2026-04-30T23:18:25","modified_gmt":"2026-05-01T02:18:25","slug":"alerta-por-tormentas-en-corrientes-cuando-empieza-a-llover-y-que-zonas-afectara","status":"publish","type":"post","link":"https:\/\/corrientesdetarde.com\/index.php\/clima\/alerta-por-tormentas-en-corrientes-cuando-empieza-a-llover-y-que-zonas-afectara\/","title":{"rendered":"Alerta por tormentas en Corrientes: cu\u00e1ndo empieza a llover y qu\u00e9 zonas afectar\u00e1"},"content":{"rendered":"\n<p>La provincia de Corrientes se encuentra bajo vigilancia meteorol\u00f3gica estricta tras el anuncio del&nbsp;<strong>Servicio Meteorol\u00f3gico Nacional (SMN)<\/strong>, que emiti\u00f3 una doble alerta por lluvias y tormentas de variada intensidad.<\/p>\n\n\n\n<p>Seg\u00fan el organismo, las condiciones clim\u00e1ticas comenzar\u00e1n a deteriorarse durante la&nbsp;<strong>madrugada de este viernes<\/strong>&nbsp;y se mantendr\u00e1n inestables hasta las primeras horas&nbsp;del s\u00e1bado.<\/p>\n\n\n\n<p>El fen\u00f3meno afectar\u00e1 a la totalidad del territorio correntino, aunque con distintos niveles de riesgo seg\u00fan la zona geogr\u00e1fica, incluyendo la posibilidad de ca\u00edda de granizo y una fuerte actividad el\u00e9ctrica.<\/p>\n\n\n\n<h2 class=\"wp-block-heading\">Alerta naranja: riesgo en la costa del Uruguay<\/h2>\n\n\n\n<p>La situaci\u00f3n m\u00e1s cr\u00edtica se pronostica para los departamentos de la zona este, incluyendo&nbsp;<strong>General Alvear, Paso de los Libres, San Mart\u00edn y Santo Tom\u00e9<\/strong>, entre otras localidades bajo&nbsp;<strong>alerta naranja<\/strong>.<\/p>\n\n\n\n<p>En esta regi\u00f3n se esperan tormentas localmente severas con las siguientes caracter\u00edsticas:<\/p>\n\n\n\n<ul class=\"wp-block-list\">\n<li><strong>Precipitaciones:<\/strong>\u00a0acumulados de entre\u00a0<strong>80 y 110 mm<\/strong>, pudiendo ser superados de forma puntual.<\/li>\n\n\n\n<li><strong>Viento:<\/strong>\u00a0r\u00e1fagas que podr\u00edan superar los\u00a0<strong>70 km\/h<\/strong>.<\/li>\n\n\n\n<li><strong>Fen\u00f3menos:<\/strong>\u00a0abundante ca\u00edda de agua en periodos cortos, actividad el\u00e9ctrica frecuente y probable ca\u00edda de granizo.<\/li>\n<\/ul>\n\n\n\n<h2 class=\"wp-block-heading\">Alerta amarilla en Capital y alrededores<\/h2>\n\n\n\n<p>Para la&nbsp;<strong>ciudad de Corrientes<\/strong>&nbsp;y las zonas aleda\u00f1as rige un&nbsp;<strong>alerta amarilla<\/strong>. Si bien el nivel de riesgo es menor que en el interior, el \u00e1rea ser\u00e1 afectada por tormentas y lluvias intensas. Los valores de precipitaci\u00f3n acumulada se ubicar\u00e1n entre los&nbsp;<strong>50 y 80 mm<\/strong>.<\/p>\n\n\n\n<p>Al igual que en el resto de la provincia, no se descartan r\u00e1fagas fuertes y ca\u00edda de granizo, acompa\u00f1ados por una intensa actividad el\u00e9ctrica. El SMN recomienda a los vecinos evitar sacar la basura y no refugiarse cerca de \u00e1rboles o postes de electricidad.<\/p>\n\n\n<div class=\"wp-block-image\">\n<figure class=\"alignleft\"><img decoding=\"async\" src=\"https:\/\/pxcdn.ellitoral.com.ar\/litoral\/042026\/1777588336483.jpg?cw=807\" alt=\"Alerta por tormentas en Corrientes: cu\u00e1ndo empieza a llover y qu\u00e9 zonas afectar\u00e1\" title=\"Alerta por tormentas en Corrientes: cu\u00e1ndo empieza a llover y qu\u00e9 zonas afectar\u00e1-\"\/><\/figure>\n<\/div>\n\n\n<h2 class=\"wp-block-heading\">Descenso de temperatura<\/h2>\n\n\n\n<p>El ingreso de este frente de tormentas traer\u00e1 aparejado un alivio t\u00e9rmico tras las jornadas de calor. Se espera un notable&nbsp;<strong>descenso de la temperatura<\/strong>&nbsp;en toda la provincia, con marcas m\u00e1ximas que no superar\u00e1n los&nbsp;<strong>25 grados<\/strong>&nbsp;durante el viernes y el s\u00e1bado, marcando el inicio de un fin de semana con condiciones netamente oto\u00f1ales.<\/p>\n","protected":false},"excerpt":{"rendered":"<p>La provincia de Corrientes se encuentra bajo vigilancia meteorol\u00f3gica estricta tras el anuncio del&nbsp;Servicio Meteorol\u00f3gico Nacional (SMN), que emiti\u00f3 una doble alerta por lluvias y tormentas de variada intensidad. Seg\u00fan&hellip; <\/p>\n","protected":false},"author":1,"featured_media":199000,"comment_status":"closed","ping_status":"open","sticky":false,"template":"","format":"standard","meta":{"footnotes":""},"categories":[29],"tags":[],"class_list":["post-254619","post","type-post","status-publish","format-standard","has-post-thumbnail","hentry","category-clima"],"_links":{"self":[{"href":"https:\/\/corrientesdetarde.com\/index.php\/wp-json\/wp\/v2\/posts\/254619","targetHints":{"allow":["GET"]}}],"collection":[{"href":"https:\/\/corrientesdetarde.com\/index.php\/wp-json\/wp\/v2\/posts"}],"about":[{"href":"https:\/\/corrientesdetarde.com\/index.php\/wp-json\/wp\/v2\/types\/post"}],"author":[{"embeddable":true,"href":"https:\/\/corrientesdetarde.com\/index.php\/wp-json\/wp\/v2\/users\/1"}],"replies":[{"embeddable":true,"href":"https:\/\/corrientesdetarde.com\/index.php\/wp-json\/wp\/v2\/comments?post=254619"}],"version-history":[{"count":1,"href":"https:\/\/corrientesdetarde.com\/index.php\/wp-json\/wp\/v2\/posts\/254619\/revisions"}],"predecessor-version":[{"id":254623,"href":"https:\/\/corrientesdetarde.com\/index.php\/wp-json\/wp\/v2\/posts\/254619\/revisions\/254623"}],"wp:featuredmedia":[{"embeddable":true,"href":"https:\/\/corrientesdetarde.com\/index.php\/wp-json\/wp\/v2\/media\/199000"}],"wp:attachment":[{"href":"https:\/\/corrientesdetarde.com\/index.php\/wp-json\/wp\/v2\/media?parent=254619"}],"wp:term":[{"taxonomy":"category","embeddable":true,"href":"https:\/\/corrientesdetarde.com\/index.php\/wp-json\/wp\/v2\/categories?post=254619"},{"taxonomy":"post_tag","embeddable":true,"href":"https:\/\/corrientesdetarde.com\/index.php\/wp-json\/wp\/v2\/tags?post=254619"}],"curies":[{"name":"wp","href":"https:\/\/api.w.org\/{rel}","templated":true}]}}