{"id":254620,"date":"2026-04-30T23:17:09","date_gmt":"2026-05-01T02:17:09","guid":{"rendered":"https:\/\/corrientesdetarde.com\/?p=254620"},"modified":"2026-04-30T23:17:15","modified_gmt":"2026-05-01T02:17:15","slug":"valdes-anuncio-una-inversion-de-300-millones-para-modernizar-el-parque-industrial-de-goya","status":"publish","type":"post","link":"https:\/\/corrientesdetarde.com\/index.php\/locales\/valdes-anuncio-una-inversion-de-300-millones-para-modernizar-el-parque-industrial-de-goya\/","title":{"rendered":"Vald\u00e9s anunci\u00f3 una inversi\u00f3n de $300 millones para modernizar el Parque Industrial de Goya"},"content":{"rendered":"\n<p>El gobernador de Corrientes,\u00a0<strong>Juan Pablo Vald\u00e9s,<\/strong>\u00a0encabez\u00f3 este jueves una mesa de trabajo estrat\u00e9gica en el\u00a0<strong>Parque Industrial de Goya<\/strong>. Durante el encuentro, el mandatario provincial confirm\u00f3 el desembolso de un primer tramo de\u00a0<strong>300 millones de pesos<\/strong>\u00a0destinados a obras cr\u00edticas de infraestructura que buscan mejorar la competitividad de las empresas locales.<\/p>\n\n\n\n<p><a href=\"https:\/\/www.ellitoral.com.ar\/actualidad\/2026-4-30-18-47-0-juan-pablo-valdes-encabezo-la-liberacion-de-5-000-alevines-de-surubi-en-el-rio-parana\"><\/a><\/p>\n\n\n\n<p>La jornada, que cont\u00f3 con la participaci\u00f3n del intendente&nbsp;<strong>Mariano Hormaechea<\/strong>&nbsp;y representantes del consorcio industrial, tuvo como eje central la modernizaci\u00f3n de la log\u00edstica interna del predio. Vald\u00e9s destac\u00f3 que estas reuniones permiten &#8220;potenciar la industria y atender las necesidades de infraestructura para ser m\u00e1s competitivos&#8221;.<\/p>\n\n\n\n<h2 class=\"wp-block-heading\">Sinergia p\u00fablica y privada<\/h2>\n\n\n\n<p>El anuncio principal consiste en un plan de pavimentaci\u00f3n bajo un esquema de colaboraci\u00f3n mutua: la&nbsp;<strong>Provincia proveer\u00e1 el hormig\u00f3n<\/strong>&nbsp;mientras que el&nbsp;<strong>Municipio de Goya aportar\u00e1 la mano de obra<\/strong>. Esta inversi\u00f3n inicial tambi\u00e9n contempla el cierre perimetral del predio, una demanda hist\u00f3rica de los empresarios para garantizar la seguridad de las instalaciones.<\/p>\n\n\n\n<p>Desde el consorcio del parque calificaron la respuesta oficial como &#8220;terriblemente positiva&#8221;, remarcando que en un contexto econ\u00f3mico complejo, la sinergia entre el Estado y los privados representa un alivio para el sector.<\/p>\n\n\n\n<p>Actualmente, el parque alberga a casi&nbsp;<strong>60 empresas<\/strong>&nbsp;y genera sustento directo para m\u00e1s de&nbsp;<strong>1.500 familias<\/strong>.<\/p>\n\n\n\n<h2 class=\"wp-block-heading\">Apuesta a la exportaci\u00f3n<\/h2>\n\n\n\n<p>Tras la mesa de trabajo, el Gobernador recorri\u00f3 las instalaciones del frigor\u00edfico&nbsp;<strong>Aguma<\/strong>, un emprendimiento local que se encuentra en su segunda fase de desarrollo. Vald\u00e9s subray\u00f3 la relevancia de este crecimiento y puso el foco en los mercados externos.<\/p>\n\n\n\n<p>&#8220;Este avance va a permitir seguir vendiendo y empezar a mirar cu\u00e1les son las necesidades para poder&nbsp;<strong>exportar<\/strong>&#8220;, expres\u00f3 el mandatario, reafirmando que el crecimiento de la capacidad frigor\u00edfica es clave para insertar la producci\u00f3n correntina en el mundo.<\/p>\n\n\n\n<p>Con estas obras, el Parque Industrial de Goya busca consolidarse como un polo estrat\u00e9gico para la log\u00edstica y la manufactura en el sur de la provincia.<\/p>\n","protected":false},"excerpt":{"rendered":"<p>El gobernador de Corrientes,\u00a0Juan Pablo Vald\u00e9s,\u00a0encabez\u00f3 este jueves una mesa de trabajo estrat\u00e9gica en el\u00a0Parque Industrial de Goya. Durante el encuentro, el mandatario provincial confirm\u00f3 el desembolso de un primer&hellip; <\/p>\n","protected":false},"author":1,"featured_media":254621,"comment_status":"closed","ping_status":"open","sticky":false,"template":"","format":"standard","meta":{"footnotes":""},"categories":[8],"tags":[],"class_list":["post-254620","post","type-post","status-publish","format-standard","has-post-thumbnail","hentry","category-locales"],"_links":{"self":[{"href":"https:\/\/corrientesdetarde.com\/index.php\/wp-json\/wp\/v2\/posts\/254620","targetHints":{"allow":["GET"]}}],"collection":[{"href":"https:\/\/corrientesdetarde.com\/index.php\/wp-json\/wp\/v2\/posts"}],"about":[{"href":"https:\/\/corrientesdetarde.com\/index.php\/wp-json\/wp\/v2\/types\/post"}],"author":[{"embeddable":true,"href":"https:\/\/corrientesdetarde.com\/index.php\/wp-json\/wp\/v2\/users\/1"}],"replies":[{"embeddable":true,"href":"https:\/\/corrientesdetarde.com\/index.php\/wp-json\/wp\/v2\/comments?post=254620"}],"version-history":[{"count":1,"href":"https:\/\/corrientesdetarde.com\/index.php\/wp-json\/wp\/v2\/posts\/254620\/revisions"}],"predecessor-version":[{"id":254622,"href":"https:\/\/corrientesdetarde.com\/index.php\/wp-json\/wp\/v2\/posts\/254620\/revisions\/254622"}],"wp:featuredmedia":[{"embeddable":true,"href":"https:\/\/corrientesdetarde.com\/index.php\/wp-json\/wp\/v2\/media\/254621"}],"wp:attachment":[{"href":"https:\/\/corrientesdetarde.com\/index.php\/wp-json\/wp\/v2\/media?parent=254620"}],"wp:term":[{"taxonomy":"category","embeddable":true,"href":"https:\/\/corrientesdetarde.com\/index.php\/wp-json\/wp\/v2\/categories?post=254620"},{"taxonomy":"post_tag","embeddable":true,"href":"https:\/\/corrientesdetarde.com\/index.php\/wp-json\/wp\/v2\/tags?post=254620"}],"curies":[{"name":"wp","href":"https:\/\/api.w.org\/{rel}","templated":true}]}}