{"id":254624,"date":"2026-04-30T23:22:29","date_gmt":"2026-05-01T02:22:29","guid":{"rendered":"https:\/\/corrientesdetarde.com\/?p=254624"},"modified":"2026-04-30T23:22:35","modified_gmt":"2026-05-01T02:22:35","slug":"caso-gerardo-dahse-ordenaron-su-detencion-y-traslado-a-la-unidad-penal-n-6","status":"publish","type":"post","link":"https:\/\/corrientesdetarde.com\/index.php\/crimen-y-justicia\/caso-gerardo-dahse-ordenaron-su-detencion-y-traslado-a-la-unidad-penal-n-6\/","title":{"rendered":"Caso Gerardo Dahse: ordenaron su detenci\u00f3n y traslado a la Unidad Penal N\u00b0 6"},"content":{"rendered":"\n<p>La Justicia de Corrientes orden\u00f3 la\u00a0<strong>detenci\u00f3n inmediata<\/strong>\u00a0del ginec\u00f3logo\u00a0<strong>Gerardo Dahse<\/strong>, quien tras permanecer en libertad durante las etapas de apelaci\u00f3n, ser\u00e1 trasladado a la\u00a0<strong>Unidad Penal N\u00b0 6<\/strong>\u00a0de la capital para comenzar a cumplir su condena efectiva.<\/p>\n\n\n\n<p><\/p>\n\n\n\n<p>\u200bLa medida es la consecuencia directa del rev\u00e9s judicial sufrido el pasado viernes 24 de abril, cuando el&nbsp;<strong>Superior Tribunal de Justicia (STJ)<\/strong>&nbsp;declar\u00f3 inadmisible el Recurso Extraordinario Federal presentado por su defensa.<\/p>\n\n\n\n<p>Con esa firma, el m\u00e1ximo tribunal cerr\u00f3 la v\u00eda ordinaria hacia la Corte Suprema de la Naci\u00f3n y dej\u00f3 firme la sentencia por&nbsp;<strong>abuso sexual gravemente ultrajante<\/strong>.<\/p>\n\n\n\n<h2 class=\"wp-block-heading\">\u200bFallo un\u00e1nime y condena firme<\/h2>\n\n\n\n<p>\u200bA trav\u00e9s de la&nbsp;<strong>Resoluci\u00f3n N\u00b0 57<\/strong>, los ministros del STJ rechazaron por unanimidad los planteos defensivos, considerando que carec\u00edan de fundamentaci\u00f3n suficiente.<\/p>\n\n\n\n<p>El fallo ratifica la condena dictada originalmente por el Tribunal Oral Penal N\u00b0 1, que le impuso:<\/p>\n\n\n\n<ul class=\"wp-block-list\">\n<li>\u200b<strong>7 a\u00f1os de prisi\u00f3n<\/strong>\u00a0de cumplimiento efectivo.<\/li>\n\n\n\n<li>\u200b<strong>Inhabilitaci\u00f3n especial perpetua<\/strong>\u00a0para ejercer la medicina.<\/li>\n<\/ul>\n\n\n\n<p>Finalmente, el tribunal orden\u00f3 que, una vez&nbsp;<strong>concretada la detenci\u00f3n<\/strong>, se comunique de inmediato al Juzgado de Ejecuci\u00f3n de Condena para dar inicio a la etapa de cumplimiento de la pena.<\/p>\n\n\n\n<p>La resoluci\u00f3n lleva la firma de la jueza&nbsp;<strong>Ana del Carmen Figueredo<\/strong>, con intervenci\u00f3n de la prosecretaria sustituta Leticia Falag\u00e1n.&nbsp;<\/p>\n","protected":false},"excerpt":{"rendered":"<p>La Justicia de Corrientes orden\u00f3 la\u00a0detenci\u00f3n inmediata\u00a0del ginec\u00f3logo\u00a0Gerardo Dahse, quien tras permanecer en libertad durante las etapas de apelaci\u00f3n, ser\u00e1 trasladado a la\u00a0Unidad Penal N\u00b0 6\u00a0de la capital para comenzar&hellip; <\/p>\n","protected":false},"author":1,"featured_media":254629,"comment_status":"closed","ping_status":"open","sticky":false,"template":"","format":"standard","meta":{"footnotes":""},"categories":[5],"tags":[],"class_list":["post-254624","post","type-post","status-publish","format-standard","has-post-thumbnail","hentry","category-crimen-y-justicia"],"_links":{"self":[{"href":"https:\/\/corrientesdetarde.com\/index.php\/wp-json\/wp\/v2\/posts\/254624","targetHints":{"allow":["GET"]}}],"collection":[{"href":"https:\/\/corrientesdetarde.com\/index.php\/wp-json\/wp\/v2\/posts"}],"about":[{"href":"https:\/\/corrientesdetarde.com\/index.php\/wp-json\/wp\/v2\/types\/post"}],"author":[{"embeddable":true,"href":"https:\/\/corrientesdetarde.com\/index.php\/wp-json\/wp\/v2\/users\/1"}],"replies":[{"embeddable":true,"href":"https:\/\/corrientesdetarde.com\/index.php\/wp-json\/wp\/v2\/comments?post=254624"}],"version-history":[{"count":1,"href":"https:\/\/corrientesdetarde.com\/index.php\/wp-json\/wp\/v2\/posts\/254624\/revisions"}],"predecessor-version":[{"id":254630,"href":"https:\/\/corrientesdetarde.com\/index.php\/wp-json\/wp\/v2\/posts\/254624\/revisions\/254630"}],"wp:featuredmedia":[{"embeddable":true,"href":"https:\/\/corrientesdetarde.com\/index.php\/wp-json\/wp\/v2\/media\/254629"}],"wp:attachment":[{"href":"https:\/\/corrientesdetarde.com\/index.php\/wp-json\/wp\/v2\/media?parent=254624"}],"wp:term":[{"taxonomy":"category","embeddable":true,"href":"https:\/\/corrientesdetarde.com\/index.php\/wp-json\/wp\/v2\/categories?post=254624"},{"taxonomy":"post_tag","embeddable":true,"href":"https:\/\/corrientesdetarde.com\/index.php\/wp-json\/wp\/v2\/tags?post=254624"}],"curies":[{"name":"wp","href":"https:\/\/api.w.org\/{rel}","templated":true}]}}