{"id":254625,"date":"2026-04-30T23:20:30","date_gmt":"2026-05-01T02:20:30","guid":{"rendered":"https:\/\/corrientesdetarde.com\/?p=254625"},"modified":"2026-04-30T23:20:36","modified_gmt":"2026-05-01T02:20:36","slug":"juan-pablo-valdes-encabezo-en-goya-la-liberacion-de-5-000-alevines-en-el-parana","status":"publish","type":"post","link":"https:\/\/corrientesdetarde.com\/index.php\/informacion-general\/juan-pablo-valdes-encabezo-en-goya-la-liberacion-de-5-000-alevines-en-el-parana\/","title":{"rendered":"Juan Pablo Vald\u00e9s encabez\u00f3 en Goya la liberaci\u00f3n de 5.000 alevines en el Paran\u00e1"},"content":{"rendered":"\n<p><em>En la antesala de la largada de la Pesca del Surub\u00ed, se realiz\u00f3 la suelta de alevines de la especie protagonista de la fiesta, con el objetivo de concientizar sobre la conservaci\u00f3n de la fauna \u00edctica y fomentar su proliferaci\u00f3n, pr\u00e1ctica que se ha convertido en un ritual habitual en los \u00faltimos a\u00f1os.<\/em><\/p>\n\n\n\n<p>El gobernador Juan Pablo Vald\u00e9s encabez\u00f3 este jueves, a la vera del r\u00edo Paran\u00e1 en Goya, la liberaci\u00f3n de 5.000 alevines de surub\u00ed, en el marco de la 49.\u00aa edici\u00f3n de la Fiesta Nacional del Surub\u00ed. La actividad, que busca replicarse en cada torneo pesquero de la provincia, tiene como eje central la concientizaci\u00f3n sobre la conservaci\u00f3n \u00edctica.<\/p>\n\n\n\n<p>El mandatario explic\u00f3 que la iniciativa &#8220;significa para la provincia una inversi\u00f3n estrat\u00e9gica, que permite y transmite un mensaje, principalmente a los m\u00e1s chicos, a quienes tratamos de ense\u00f1arles que la devoluci\u00f3n de la especie de los surub\u00edes nos va a permitir hacer que esta pesca sea sustentable en el tiempo&#8221;. Vald\u00e9s precis\u00f3 que la medida se enmarca en el apoyo del Gobierno provincial \u2014a trav\u00e9s de subsidios a los distintos torneos de pesca\u2014 bajo el compromiso de que los organizadores &#8220;devuelvan alevines al r\u00edo, de la especie que sea, como pac\u00fa, dorado o surub\u00edes, con el fin de que las pescas sean sustentables&#8221;.<\/p>\n\n\n\n<p>En esa l\u00ednea, el gobernador subray\u00f3 que, como &#8220;productores de naturaleza que somos&#8221;, la obligaci\u00f3n es &#8220;cuidarla y poder colaborar de esta manera con los diferentes torneos de pesca, los cuales generan m\u00e1s alojamientos, trabajo y oportunidades&#8221;, en un movimiento econ\u00f3mico beneficioso para toda la provincia de Corrientes.<\/p>\n\n\n\n<p>Por su parte, el intendente de Goya, Mariano Hormaechea, remarc\u00f3 la importancia de la acci\u00f3n y se\u00f1al\u00f3 que devolver 5.000 alevines al r\u00edo implica &#8220;no solamente cuidar nuestro surub\u00ed, sino que tambi\u00e9n es devolverle todo lo que nos da el r\u00edo y la naturaleza para generar toda esta gran fiesta&#8221;.<\/p>\n\n\n\n<p>La jornada tambi\u00e9n cont\u00f3 con la participaci\u00f3n de la comunidad educativa. Cristina Gonz\u00e1lez, docente de la Escuela N.\u00b0 511 de Goya, destac\u00f3 que &#8220;la fiesta es lo m\u00e1s significativo que hay para los chicos, y como escuela nos ocupamos de que participen en la mayor\u00eda de las actividades&#8221;. En tanto, Juli\u00e1n Ruiz, estudiante del Colegio Secundario G\u00fcemes, consider\u00f3 que el gesto &#8220;es muy importante, sobre todo para el r\u00edo, y como pescador es relevante porque aporta al futuro de la pesca&#8221;.<\/p>\n\n\n\n<figure class=\"wp-block-image size-full\"><img loading=\"lazy\" decoding=\"async\" width=\"939\" height=\"624\" src=\"https:\/\/corrientesdetarde.com\/wp-content\/uploads\/2026\/04\/image-650.png\" alt=\"\" class=\"wp-image-254627\" srcset=\"https:\/\/corrientesdetarde.com\/wp-content\/uploads\/2026\/04\/image-650.png 939w, https:\/\/corrientesdetarde.com\/wp-content\/uploads\/2026\/04\/image-650-300x199.png 300w, https:\/\/corrientesdetarde.com\/wp-content\/uploads\/2026\/04\/image-650-768x510.png 768w\" sizes=\"auto, (max-width: 939px) 100vw, 939px\" \/><\/figure>\n","protected":false},"excerpt":{"rendered":"<p>En la antesala de la largada de la Pesca del Surub\u00ed, se realiz\u00f3 la suelta de alevines de la especie protagonista de la fiesta, con el objetivo de concientizar sobre&hellip; <\/p>\n","protected":false},"author":1,"featured_media":254626,"comment_status":"closed","ping_status":"open","sticky":false,"template":"","format":"standard","meta":{"footnotes":""},"categories":[1],"tags":[],"class_list":["post-254625","post","type-post","status-publish","format-standard","has-post-thumbnail","hentry","category-informacion-general"],"_links":{"self":[{"href":"https:\/\/corrientesdetarde.com\/index.php\/wp-json\/wp\/v2\/posts\/254625","targetHints":{"allow":["GET"]}}],"collection":[{"href":"https:\/\/corrientesdetarde.com\/index.php\/wp-json\/wp\/v2\/posts"}],"about":[{"href":"https:\/\/corrientesdetarde.com\/index.php\/wp-json\/wp\/v2\/types\/post"}],"author":[{"embeddable":true,"href":"https:\/\/corrientesdetarde.com\/index.php\/wp-json\/wp\/v2\/users\/1"}],"replies":[{"embeddable":true,"href":"https:\/\/corrientesdetarde.com\/index.php\/wp-json\/wp\/v2\/comments?post=254625"}],"version-history":[{"count":1,"href":"https:\/\/corrientesdetarde.com\/index.php\/wp-json\/wp\/v2\/posts\/254625\/revisions"}],"predecessor-version":[{"id":254628,"href":"https:\/\/corrientesdetarde.com\/index.php\/wp-json\/wp\/v2\/posts\/254625\/revisions\/254628"}],"wp:featuredmedia":[{"embeddable":true,"href":"https:\/\/corrientesdetarde.com\/index.php\/wp-json\/wp\/v2\/media\/254626"}],"wp:attachment":[{"href":"https:\/\/corrientesdetarde.com\/index.php\/wp-json\/wp\/v2\/media?parent=254625"}],"wp:term":[{"taxonomy":"category","embeddable":true,"href":"https:\/\/corrientesdetarde.com\/index.php\/wp-json\/wp\/v2\/categories?post=254625"},{"taxonomy":"post_tag","embeddable":true,"href":"https:\/\/corrientesdetarde.com\/index.php\/wp-json\/wp\/v2\/tags?post=254625"}],"curies":[{"name":"wp","href":"https:\/\/api.w.org\/{rel}","templated":true}]}}