{"id":254631,"date":"2026-04-30T23:38:27","date_gmt":"2026-05-01T02:38:27","guid":{"rendered":"https:\/\/corrientesdetarde.com\/?p=254631"},"modified":"2026-04-30T23:38:40","modified_gmt":"2026-05-01T02:38:40","slug":"malvinas-con-rostro-de-mujer-la-experiencia-de-la-doctora-colino-en-la-legislatura-provincial","status":"publish","type":"post","link":"https:\/\/corrientesdetarde.com\/index.php\/eventos\/malvinas-con-rostro-de-mujer-la-experiencia-de-la-doctora-colino-en-la-legislatura-provincial\/","title":{"rendered":"Malvinas con rostro de mujer: la experiencia de la doctora Colino en la Legislatura provincial"},"content":{"rendered":"\n<p>CHARLA EN EL RECINTO<\/p>\n\n\n\n<p><em>En el marco del D\u00eda del Veterano y de los Ca\u00eddos en la Guerra de Malvinas, la Vicegobernaci\u00f3n y la C\u00e1mara de Senadores de Corrientes rindieron homenaje a la Dra. Mar\u00eda Liliana Colino. Encabezado por el Vicegobernador Pedro Braillard Poccard, el testimonio recupera la dimensi\u00f3n femenina de la gesta: la valent\u00eda y el coraje de las mujeres que, con uniforme y profesionalismo, asistieron a los combatientes en el frente de batalla.<\/em><\/p>\n\n\n\n<figure class=\"wp-block-image size-large\"><img loading=\"lazy\" decoding=\"async\" width=\"1024\" height=\"683\" src=\"https:\/\/corrientesdetarde.com\/wp-content\/uploads\/2026\/04\/image-655-1024x683.png\" alt=\"\" class=\"wp-image-254637\" srcset=\"https:\/\/corrientesdetarde.com\/wp-content\/uploads\/2026\/04\/image-655-1024x683.png 1024w, https:\/\/corrientesdetarde.com\/wp-content\/uploads\/2026\/04\/image-655-300x200.png 300w, https:\/\/corrientesdetarde.com\/wp-content\/uploads\/2026\/04\/image-655-768x512.png 768w, https:\/\/corrientesdetarde.com\/wp-content\/uploads\/2026\/04\/image-655.png 1093w\" sizes=\"auto, (max-width: 1024px) 100vw, 1024px\" \/><\/figure>\n\n\n\n<p><\/p>\n\n\n\n<p>El vicegobernador Pedro Braillard Poccard, fue el encargado de dar apertura a la charla denominada \u201cMalvinas. Fuerza A\u00e9rea Argentina. La hero\u00edna que baj\u00f3 del cielo\u201d. En sus palabras dirigidas al recinto colmado, el mandatario destac\u00f3 la excepcionalidad de la figura de Colino. \u201cHoy es un homenaje especial porque se trata de alguien que sirvi\u00f3 a la patria, tambi\u00e9n hero\u00edna en este caso, pero diferente porque es la primera vez que tenemos el honor de tener aqu\u00ed a una mujer que prest\u00f3 servicio en Malvinas\u201d, se\u00f1al\u00f3.<br>\u201cDesde hace tiempo que, con el diputado nacional, el doctor Di\u00f3genes Gonz\u00e1lez, venimos trabajando para que ella pudiera venir y honrarnos con su testimonio, con su trayectoria, y con esa vivencia que son \u00fanicas. Siempre he se\u00f1alado cuando rendimos homenaje a quienes estuvieron en Malvinas, que nuestra generaci\u00f3n, as\u00ed como nos ha tocado pasar cosas muy duras, tambi\u00e9n tenemos el privilegio de compartir en vida con los h\u00e9roes. Normalmente, hemos le\u00eddo sobre nuestros h\u00e9roes en los libros de historia en testimonios que van quedando en el papel a trav\u00e9s del tiempo. En el caso de los h\u00e9roes de Malvinas, son testimonios vivos, y su palabra es un documento de un valor \u00fanico\u201d, resalt\u00f3 Braillard Poccard.<\/p>\n\n\n\n<figure class=\"wp-block-image size-full\"><img loading=\"lazy\" decoding=\"async\" width=\"979\" height=\"680\" src=\"https:\/\/corrientesdetarde.com\/wp-content\/uploads\/2026\/04\/image-652.png\" alt=\"\" class=\"wp-image-254634\" srcset=\"https:\/\/corrientesdetarde.com\/wp-content\/uploads\/2026\/04\/image-652.png 979w, https:\/\/corrientesdetarde.com\/wp-content\/uploads\/2026\/04\/image-652-300x208.png 300w, https:\/\/corrientesdetarde.com\/wp-content\/uploads\/2026\/04\/image-652-768x533.png 768w\" sizes=\"auto, (max-width: 979px) 100vw, 979px\" \/><\/figure>\n\n\n\n<p>Ante un recinto colmado, la doctora Colino destac\u00f3 \u201cdurante la guerra de Malvinas, particip\u00e9 en la organizaci\u00f3n y funcionamiento del hospital reubicable de la Fuerza A\u00e9rea, y luego en evacuaciones sanitarias, incluyendo vuelos de terapia intensiva. La experiencia fue in\u00e9dita y desafiante, adapt\u00e1ndonos a condiciones de guerra y asumiendo responsabilidades cruciales en la atenci\u00f3n de heridos y evacuaciones\u201d. Tras describir las funciones, resalt\u00f3 \u201cfui parte del primer grupo de personal militar femenino en Argentina\u201d.<\/p>\n\n\n\n<p>Una de las frases resonantes fue \u201cuna de las obsesiones que ten\u00edan los brit\u00e1nicos era destruir la pista del puerto argentino, teniendo en cuenta que era la \u00fanica que pod\u00eda posibilitar el puente del abastecimiento permanente de las tropas. Hay que tener en cuenta que la pista se mantuvo activa hasta el 14 de junio, a pesar de los intensos bombardeos\u201d. Y a\u00f1adi\u00f3 \u201c2 de abril, se produce el hundimiento del ARA General Belgrano, y ah\u00ed es cuando tomamos conciencia de que hab\u00edamos entrado en guerra. En ese momento parec\u00eda algo muy lejano, casi imposible. Aunque, como personal militar, uno sabe que, en caso de que la patria lo requiera, uno tiene que ir a defender la patria\u201d.<\/p>\n\n\n\n<p><em>El rol de la mujer en el frente<\/em><br>Sobre el reconocimiento hist\u00f3rico, la doctora sostuvo: \u201cMe gustar\u00eda rescatar que las veteranas de guerra s\u00ed fuimos reconocidas oficialmente por nuestras fuerzas y por el Congreso, igual que los varones, aunque falt\u00f3 visibilizaci\u00f3n porque \u00e9ramos pocas y no hab\u00eda redes sociales\u201d.<\/p>\n\n\n\n<p><em>Contenci\u00f3n emocional y soberan\u00eda<\/em><br>Colino comparti\u00f3 detalles sobre la labor humanitaria en los hangares, donde la contenci\u00f3n emocional era vital: \u201cPara que pudieran sentir el acompa\u00f1amiento de una mujer y pudi\u00e9ramos escucharlos, est\u00e1bamos al lado. Muchos nos dec\u00edan que le mandemos una carta a la mam\u00e1 o que llamemos a la novia\u201d.<br>Asimismo, reflexion\u00f3 sobre el proceso de \u201cdesmalvinizaci\u00f3n\u201d posterior a la guerra, se\u00f1alando que la sociedad y la pol\u00edtica intentaron olvidar a los veteranos tras la derrota. \u201cMuchos creen que los soldados ten\u00edan miedo, pero en realidad quer\u00edan volver y no abandonar a sus compa\u00f1eros\u201d.<\/p>\n\n\n\n<p><em>Biograf\u00eda de la Dra. Colino<\/em><br>Liliana Colino es enfermera y m\u00e9dica veterinaria egresada de la Universidad de Buenos Aires.<\/p>\n\n\n\n<p>Es reconocida por haber sido la \u00fanica mujer que pis\u00f3 el suelo de las Islas Malvinas durante el intento de recuperaci\u00f3n por parte de las tropas argentinas.<\/p>\n\n\n\n<p>En su rol de enfermera profesional e integrante de la Fuerza A\u00e9rea Argentina, asisti\u00f3 a los combatientes en el frente, convirti\u00e9ndose en una protagonista directa del conflicto. Fue la \u00fanica mujer argentina que estuvo en las Islas Malvinas mientras se desarrollaban las acciones b\u00e9licas.<\/p>\n\n\n\n<p>En 1980 ingres\u00f3 a la Fuerza A\u00e9rea como enfermera y tras el per\u00edodo de formaci\u00f3n se convirti\u00f3 en cabo principal. Luego comenz\u00f3 a trabajar en el \u00e1rea de terapia intensiva del Hospital Aeron\u00e1utico Central, ubicado en el barrio de Pompeya de la Ciudad Aut\u00f3noma de Buenos Aires. En 1982 era jefa de enfermer\u00eda en la terapia intensiva de ese hospital.<\/p>\n\n\n\n<p>El 2 de abril de 1982 el gobierno militar decide recuperar la soberan\u00eda de las Islas Malvinas, y para ello moviliz\u00f3 tropas hasta la zona austral del Oc\u00e9ano Atl\u00e1ntico. En ese contexto, Colino fue traslada junto a otras enfermeras y m\u00e9dicos de la fuerza hasta Comodoro Rivadavia, para desempe\u00f1ar tareas de enfermer\u00eda en el hospital modular reubicable con el que cont\u00f3 la Fuerza A\u00e9rea durante la Guerra de Malvinas, que funcionaba como tr\u00e1nsito, es decir, se recib\u00edan a los heridos desde Puerto Argentino.<br>Cuando los ingleses desembarcaron en territorio de las Islas Malvinas, comenz\u00f3 el combate cuerpo a cuerpo y el alto n\u00famero de heridos pronto satur\u00f3 la capacidad del hospital de Puerto Argentino. Fue entonces que Liliana Colino tuvo que viajar en el avi\u00f3n sanitario desde Comodoro Rivadavia hasta Puerto Argentino para evacuar a los pacientes.<\/p>\n\n\n\n<p><em>Presencias<\/em><br>Estuvieron presentes el diputado nacional Di\u00f3genes Gonz\u00e1lez, autoridades legislativas provinciales, de las distintas fuerzas de seguridad, directivos y estudiantes de colegios adem\u00e1s de p\u00fablico en general.<\/p>\n\n\n\n<figure class=\"wp-block-image size-full\"><img loading=\"lazy\" decoding=\"async\" width=\"991\" height=\"623\" src=\"https:\/\/corrientesdetarde.com\/wp-content\/uploads\/2026\/04\/image-653.png\" alt=\"\" class=\"wp-image-254635\" srcset=\"https:\/\/corrientesdetarde.com\/wp-content\/uploads\/2026\/04\/image-653.png 991w, https:\/\/corrientesdetarde.com\/wp-content\/uploads\/2026\/04\/image-653-300x189.png 300w, https:\/\/corrientesdetarde.com\/wp-content\/uploads\/2026\/04\/image-653-768x483.png 768w\" sizes=\"auto, (max-width: 991px) 100vw, 991px\" \/><\/figure>\n\n\n\n<figure class=\"wp-block-image size-full\"><img loading=\"lazy\" decoding=\"async\" width=\"984\" height=\"739\" src=\"https:\/\/corrientesdetarde.com\/wp-content\/uploads\/2026\/04\/image-654.png\" alt=\"\" class=\"wp-image-254636\" srcset=\"https:\/\/corrientesdetarde.com\/wp-content\/uploads\/2026\/04\/image-654.png 984w, https:\/\/corrientesdetarde.com\/wp-content\/uploads\/2026\/04\/image-654-300x225.png 300w, https:\/\/corrientesdetarde.com\/wp-content\/uploads\/2026\/04\/image-654-768x577.png 768w\" sizes=\"auto, (max-width: 984px) 100vw, 984px\" \/><\/figure>\n","protected":false},"excerpt":{"rendered":"<p>CHARLA EN EL RECINTO En el marco del D\u00eda del Veterano y de los Ca\u00eddos en la Guerra de Malvinas, la Vicegobernaci\u00f3n y la C\u00e1mara de Senadores de Corrientes rindieron&hellip; <\/p>\n","protected":false},"author":1,"featured_media":254637,"comment_status":"closed","ping_status":"open","sticky":false,"template":"","format":"standard","meta":{"footnotes":""},"categories":[22],"tags":[],"class_list":["post-254631","post","type-post","status-publish","format-standard","has-post-thumbnail","hentry","category-eventos"],"_links":{"self":[{"href":"https:\/\/corrientesdetarde.com\/index.php\/wp-json\/wp\/v2\/posts\/254631","targetHints":{"allow":["GET"]}}],"collection":[{"href":"https:\/\/corrientesdetarde.com\/index.php\/wp-json\/wp\/v2\/posts"}],"about":[{"href":"https:\/\/corrientesdetarde.com\/index.php\/wp-json\/wp\/v2\/types\/post"}],"author":[{"embeddable":true,"href":"https:\/\/corrientesdetarde.com\/index.php\/wp-json\/wp\/v2\/users\/1"}],"replies":[{"embeddable":true,"href":"https:\/\/corrientesdetarde.com\/index.php\/wp-json\/wp\/v2\/comments?post=254631"}],"version-history":[{"count":1,"href":"https:\/\/corrientesdetarde.com\/index.php\/wp-json\/wp\/v2\/posts\/254631\/revisions"}],"predecessor-version":[{"id":254638,"href":"https:\/\/corrientesdetarde.com\/index.php\/wp-json\/wp\/v2\/posts\/254631\/revisions\/254638"}],"wp:featuredmedia":[{"embeddable":true,"href":"https:\/\/corrientesdetarde.com\/index.php\/wp-json\/wp\/v2\/media\/254637"}],"wp:attachment":[{"href":"https:\/\/corrientesdetarde.com\/index.php\/wp-json\/wp\/v2\/media?parent=254631"}],"wp:term":[{"taxonomy":"category","embeddable":true,"href":"https:\/\/corrientesdetarde.com\/index.php\/wp-json\/wp\/v2\/categories?post=254631"},{"taxonomy":"post_tag","embeddable":true,"href":"https:\/\/corrientesdetarde.com\/index.php\/wp-json\/wp\/v2\/tags?post=254631"}],"curies":[{"name":"wp","href":"https:\/\/api.w.org\/{rel}","templated":true}]}}