{"id":254644,"date":"2026-05-01T08:02:55","date_gmt":"2026-05-01T11:02:55","guid":{"rendered":"https:\/\/corrientesdetarde.com\/?p=254644"},"modified":"2026-05-01T08:02:57","modified_gmt":"2026-05-01T11:02:57","slug":"fin-de-semana-con-travesias-acuaticas-actividades-deportivas-y-propuestas-culturales","status":"publish","type":"post","link":"https:\/\/corrientesdetarde.com\/index.php\/actualidad\/fin-de-semana-con-travesias-acuaticas-actividades-deportivas-y-propuestas-culturales\/","title":{"rendered":"Fin de semana con traves\u00edas acu\u00e1ticas, actividades deportivas y propuestas culturales"},"content":{"rendered":"\n<p>Con actividades gratuitas que combinan deporte, cultura, tradici\u00f3n y recreaci\u00f3n al aire libre, la ciudad ofrecer\u00e1 una agenda diversa pensada para todas las edades en playas, costanera y espacios p\u00fablicos. Entre ellas habr\u00e1 ferias, evento cervecero, festival de la Cruz, entre otras.<\/p>\n\n\n\n<p>La Municipalidad de Corrientes presenta una variada agenda de actividades recreativas, deportivas y culturales para este fin de semana, que se desarrollar\u00e1n&nbsp;el s\u00e1bado 2&nbsp;y&nbsp;domingo 3 de mayoen distintos espacios p\u00fablicos de la ciudad, con acceso libre y gratuito para vecinos y visitantes.<br><br>En l\u00ednea con las pol\u00edticas impulsadas por la gesti\u00f3n del intendente Claudio Polich, la propuesta busca fomentar el uso de los espacios p\u00fablicos, fortalecer el turismo local y promover h\u00e1bitos saludables a trav\u00e9s de iniciativas inclusivas y accesibles para todas las edades. La programaci\u00f3n contempla eventos deportivos, ferias de emprendedores, actividades recreativas en playas y propuestas culturales que invitan a disfrutar de la ciudad en comunidad.<br><br>El s\u00e1bado 2 de mayo&nbsp;iniciar\u00e1 con la competencia de aguas abiertas &#8220;Traves\u00eda Correntina&#8221;, que se desarrollar\u00e1 desde la playa Malvinas I hasta la playa Arazaty I&nbsp;a partir de las 8. La actividad, de car\u00e1cter gratuito, convoca a nadadores y p\u00fablico en general a participar de una experiencia deportiva en el r\u00edo Paran\u00e1.<\/p>\n\n\n\n<figure class=\"wp-block-image\"><img decoding=\"async\" src=\"https:\/\/www.diarioepoca.com\/content\/bucket\/9\/1486409w790h527c.jpg.webp\" alt=\"\"\/><\/figure>\n\n\n\n<p><br><br>Durante los d\u00edas s\u00e1bado y&nbsp;domingo, de 10 a 21, la Costanera Sur (Av. Juan Pablo II y Necochea) ser\u00e1 sede de la tradicional Feria de Artesanos, con una amplia oferta de productos regionales y elaboraciones locales.<br><br>Por la tarde,&nbsp;desde las 16, la playa Arazaty I ser\u00e1 escenario de clases gratuitas de kayak con inscripci\u00f3n previa al n\u00famero:&nbsp;<a href=\"tel:3794-596271\">3794-596271<\/a>, mientras que&nbsp;a partir de las 17&nbsp;se desarrollar\u00e1n m\u00faltiples actividades recreativas simult\u00e1neas: encuentros de f\u00fatbol y v\u00f3ley en playa Molina Punta, clases de zumba y ritmos en Arazaty, tejo en la playa en Arazaty II y f\u00fatbol waliki en Arazaty I, todas abiertas a la comunidad.<br><br>La propuesta del s\u00e1bado continuar\u00e1 desde las 19 en el Paseo Terrazas del Paran\u00e1 con el Patio Cervecero, que combinar\u00e1 gastronom\u00eda, cerveza artesanal y m\u00fasica en vivo en un entorno al aire libre.<\/p>\n\n\n\n<figure class=\"wp-block-image\"><img decoding=\"async\" src=\"https:\/\/www.diarioepoca.com\/content\/bucket\/0\/1486410w790h526c.jpg.webp\" alt=\"\"\/><\/figure>\n\n\n\n<h3 class=\"wp-block-heading\">Deporte, cultura y tradici\u00f3n<br>&nbsp;<\/h3>\n\n\n\n<p>El domingo 3 de mayo&nbsp;continuar\u00e1 la agenda con una nutrida programaci\u00f3n en distintos puntos de la ciudad.<br><br>A partir de las 15, se desarrollar\u00e1 el Festival de la Cruz, que incluir\u00e1 una procesi\u00f3n por la ciudad, misa y espect\u00e1culos art\u00edsticos en la zona de Belgrano entre Salta y Buenos Aires, convocando a fieles y p\u00fablico en general en una propuesta que combina tradici\u00f3n religiosa y expresi\u00f3n cultural.<br><br>Desde las 16, se repetir\u00e1n las clases gratuitas de kayak en playa Arazaty I, junto con la &#8220;Traves\u00eda Interplayas&#8221;, una experiencia que partir\u00e1 desde playa Molina Punta hasta Arazaty, ofreciendo una alternativa recreativa y deportiva en el r\u00edo. Los interesados en participar deben inscribirse al:&nbsp;<a href=\"tel:3794-596271\">3794-596271<\/a>.<br><br>A partir de las 17, continuar\u00e1n las actividades recreativas en playas con encuentros de f\u00fatbol y v\u00f3ley en Molina Punta, clases de zumba y ritmos en Arazaty, tejo en Arazaty II y f\u00fatbol waliki en Arazaty I, promoviendo la actividad f\u00edsica y la integraci\u00f3n comunitaria.<br><br>A trav\u00e9s de esta agenda, la Municipalidad de Corrientes reafirma su compromiso con la promoci\u00f3n del deporte, la cultura, el turismo y la vida saludable, fortaleciendo el espacio p\u00fablico como \u00e1mbito de encuentro, recreaci\u00f3n y desarrollo social.<\/p>\n","protected":false},"excerpt":{"rendered":"<p>Con actividades gratuitas que combinan deporte, cultura, tradici\u00f3n y recreaci\u00f3n al aire libre, la ciudad ofrecer\u00e1 una agenda diversa pensada para todas las edades en playas, costanera y espacios p\u00fablicos.&hellip; <\/p>\n","protected":false},"author":3,"featured_media":254674,"comment_status":"closed","ping_status":"open","sticky":false,"template":"","format":"standard","meta":{"footnotes":""},"categories":[23],"tags":[],"class_list":["post-254644","post","type-post","status-publish","format-standard","has-post-thumbnail","hentry","category-actualidad"],"_links":{"self":[{"href":"https:\/\/corrientesdetarde.com\/index.php\/wp-json\/wp\/v2\/posts\/254644","targetHints":{"allow":["GET"]}}],"collection":[{"href":"https:\/\/corrientesdetarde.com\/index.php\/wp-json\/wp\/v2\/posts"}],"about":[{"href":"https:\/\/corrientesdetarde.com\/index.php\/wp-json\/wp\/v2\/types\/post"}],"author":[{"embeddable":true,"href":"https:\/\/corrientesdetarde.com\/index.php\/wp-json\/wp\/v2\/users\/3"}],"replies":[{"embeddable":true,"href":"https:\/\/corrientesdetarde.com\/index.php\/wp-json\/wp\/v2\/comments?post=254644"}],"version-history":[{"count":1,"href":"https:\/\/corrientesdetarde.com\/index.php\/wp-json\/wp\/v2\/posts\/254644\/revisions"}],"predecessor-version":[{"id":254695,"href":"https:\/\/corrientesdetarde.com\/index.php\/wp-json\/wp\/v2\/posts\/254644\/revisions\/254695"}],"wp:featuredmedia":[{"embeddable":true,"href":"https:\/\/corrientesdetarde.com\/index.php\/wp-json\/wp\/v2\/media\/254674"}],"wp:attachment":[{"href":"https:\/\/corrientesdetarde.com\/index.php\/wp-json\/wp\/v2\/media?parent=254644"}],"wp:term":[{"taxonomy":"category","embeddable":true,"href":"https:\/\/corrientesdetarde.com\/index.php\/wp-json\/wp\/v2\/categories?post=254644"},{"taxonomy":"post_tag","embeddable":true,"href":"https:\/\/corrientesdetarde.com\/index.php\/wp-json\/wp\/v2\/tags?post=254644"}],"curies":[{"name":"wp","href":"https:\/\/api.w.org\/{rel}","templated":true}]}}