{"id":254649,"date":"2026-05-01T09:00:36","date_gmt":"2026-05-01T12:00:36","guid":{"rendered":"https:\/\/corrientesdetarde.com\/?p=254649"},"modified":"2026-05-01T09:00:38","modified_gmt":"2026-05-01T12:00:38","slug":"juan-pablo-valdes-impulso-obras-clave-en-el-parque-industrial-de-goya","status":"publish","type":"post","link":"https:\/\/corrientesdetarde.com\/index.php\/politica\/juan-pablo-valdes-impulso-obras-clave-en-el-parque-industrial-de-goya\/","title":{"rendered":"Juan Pablo Vald\u00e9s impuls\u00f3 obras clave en el Parque Industrial de Goya"},"content":{"rendered":"\n<p>En el marco de la visita por la Fiesta Nacional del Surub\u00ed, el gobernador Juan Pablo Vald\u00e9s acord\u00f3 una inversi\u00f3n que en un primer tramo ser\u00e1 de 300 millones de pesos para pavimentaci\u00f3n y cierre perimetral, adem\u00e1s ratific\u00f3 su apoyo al sector privado como motor del empleo genuino. Tras una mesa de trabajo con empresarios, recorri\u00f3 plantas frigor\u00edficas y asegur\u00f3 recursos para modernizar el Parque Industrial, beneficiando a m\u00e1s de 1.500 trabajadores.<\/p>\n\n\n\n<p>En una jornada marcada por el compromiso con el crecimiento econ\u00f3mico y la generaci\u00f3n de empleo genuino, el gobernador Juan Pablo Vald\u00e9s encabez\u00f3 una mesa de trabajo estrat\u00e9gica en el Parque Industrial de Goya. La visita sirvi\u00f3 para ratificar el rumbo de las pol\u00edticas de desarrollo en la provincia y para estrechar v\u00ednculos directos con los protagonistas de la producci\u00f3n local. Durante el encuentro, que cont\u00f3 con la presencia del intendente municipal, Mariano Hormaechea y representantes del sector industrial, se abordaron las necesidades de un predio que ya alberga a casi 60 empresas. Al respecto, el Mandatario destac\u00f3 la importancia de estas reuniones para &#8220;potenciar la industria y ver qu\u00e9 necesitaban del gobierno provincial, para poder mejorar la propia infraestructura y de esta manera ser m\u00e1s competitivos&#8221;.<\/p>\n\n\n\n<figure class=\"wp-block-image\"><img decoding=\"async\" src=\"https:\/\/www.diarioepoca.com\/content\/bucket\/5\/1486405w790h438c.jpg.webp\" alt=\"\"\/><\/figure>\n\n\n\n<p>Uno de los anuncios m\u00e1s significativos fue el acuerdo de un primer tramo de 300 millones de pesos destinados a obras de pavimentaci\u00f3n. Bajo un esquema de colaboraci\u00f3n mutua, la provincia proveer\u00e1 el hormig\u00f3n mientras que el Municipio aportar\u00e1 la mano de obra. Esta decisi\u00f3n fue celebrada por el consorcio del parque, desde donde se\u00f1alaron que la respuesta oficial fue &#8220;terriblemente positiva y sin dudar&#8221;, remarcando que en un contexto econ\u00f3mico complejo, esta sinergia representa una noticia alentadora para el sector. El objetivo es transformar la log\u00edstica interna para facilitar el movimiento de carga.<\/p>\n\n\n\n<p>La recorrida incluy\u00f3 una visita al frigor\u00edfico Aguma, un emprendimiento que transita su segunda fase de desarrollo. Vald\u00e9s subray\u00f3 la relevancia de este crecimiento y expres\u00f3 que este avance &#8220;va a permitir tambi\u00e9n seguir vendiendo y empezar a mirar cu\u00e1les son las necesidades para poder exportar&#8221;.<\/p>\n\n\n\n<figure class=\"wp-block-image\"><img decoding=\"async\" src=\"https:\/\/www.diarioepoca.com\/content\/bucket\/6\/1486406w790h526c.jpg.webp\" alt=\"\"\/><\/figure>\n","protected":false},"excerpt":{"rendered":"<p>En el marco de la visita por la Fiesta Nacional del Surub\u00ed, el gobernador Juan Pablo Vald\u00e9s acord\u00f3 una inversi\u00f3n que en un primer tramo ser\u00e1 de 300 millones de&hellip; <\/p>\n","protected":false},"author":3,"featured_media":254679,"comment_status":"closed","ping_status":"open","sticky":false,"template":"","format":"standard","meta":{"footnotes":""},"categories":[3],"tags":[],"class_list":["post-254649","post","type-post","status-publish","format-standard","has-post-thumbnail","hentry","category-politica"],"_links":{"self":[{"href":"https:\/\/corrientesdetarde.com\/index.php\/wp-json\/wp\/v2\/posts\/254649","targetHints":{"allow":["GET"]}}],"collection":[{"href":"https:\/\/corrientesdetarde.com\/index.php\/wp-json\/wp\/v2\/posts"}],"about":[{"href":"https:\/\/corrientesdetarde.com\/index.php\/wp-json\/wp\/v2\/types\/post"}],"author":[{"embeddable":true,"href":"https:\/\/corrientesdetarde.com\/index.php\/wp-json\/wp\/v2\/users\/3"}],"replies":[{"embeddable":true,"href":"https:\/\/corrientesdetarde.com\/index.php\/wp-json\/wp\/v2\/comments?post=254649"}],"version-history":[{"count":1,"href":"https:\/\/corrientesdetarde.com\/index.php\/wp-json\/wp\/v2\/posts\/254649\/revisions"}],"predecessor-version":[{"id":254700,"href":"https:\/\/corrientesdetarde.com\/index.php\/wp-json\/wp\/v2\/posts\/254649\/revisions\/254700"}],"wp:featuredmedia":[{"embeddable":true,"href":"https:\/\/corrientesdetarde.com\/index.php\/wp-json\/wp\/v2\/media\/254679"}],"wp:attachment":[{"href":"https:\/\/corrientesdetarde.com\/index.php\/wp-json\/wp\/v2\/media?parent=254649"}],"wp:term":[{"taxonomy":"category","embeddable":true,"href":"https:\/\/corrientesdetarde.com\/index.php\/wp-json\/wp\/v2\/categories?post=254649"},{"taxonomy":"post_tag","embeddable":true,"href":"https:\/\/corrientesdetarde.com\/index.php\/wp-json\/wp\/v2\/tags?post=254649"}],"curies":[{"name":"wp","href":"https:\/\/api.w.org\/{rel}","templated":true}]}}