{"id":254650,"date":"2026-05-01T09:00:43","date_gmt":"2026-05-01T12:00:43","guid":{"rendered":"https:\/\/corrientesdetarde.com\/?p=254650"},"modified":"2026-05-01T09:00:46","modified_gmt":"2026-05-01T12:00:46","slug":"milei-viajo-a-mar-del-plata-para-fotografiarse-en-el-portaaviones-estadounidense-uss-nimitz","status":"publish","type":"post","link":"https:\/\/corrientesdetarde.com\/index.php\/informacion-general\/milei-viajo-a-mar-del-plata-para-fotografiarse-en-el-portaaviones-estadounidense-uss-nimitz\/","title":{"rendered":"Milei viaj\u00f3 a Mar del Plata para fotografiarse en el portaaviones estadounidense USS Nimitz"},"content":{"rendered":"\n<p>El Presidente fue acompa\u00f1ado de una acotada comitiva oficial.<\/p>\n\n\n\n<p>El presidente&nbsp;<strong>Javier Milei&nbsp;<\/strong>viaja a Mar del Plata para participar de ejercicios navales tras la llegada del portaviones estadounidense&nbsp;<strong>USS Nimitz<\/strong>. Lo hace acompa\u00f1ado de una acotada comitiva, seg\u00fan confirm\u00f3 la&nbsp;<em><strong>Agencia Noticias Argentinas<\/strong>&nbsp;<\/em>.&nbsp;<\/p>\n\n\n\n<p>Esta actividad est\u00e1 organizada por el&nbsp;<strong>Comando Sur&nbsp;<\/strong>de&nbsp;<strong>Estados Unidos<\/strong>&nbsp;y la&nbsp;<strong>Embajada estadounidense<\/strong>, junto a la&nbsp;<strong>Armada Argentina<\/strong>, en aguas del&nbsp;<strong>Atl\u00e1ntico Sur,&nbsp;<\/strong>con el objetivo de reforzar la<strong>&nbsp;cooperaci\u00f3n militar&nbsp;<\/strong>y la interoperabilidad entre&nbsp;<strong>ambas fuerzas<\/strong>.<\/p>\n\n\n\n<p>Los ejercicios incluyen&nbsp;<strong>operaciones&nbsp;<\/strong>de&nbsp;<strong>b\u00fasqueda<\/strong>&nbsp;y&nbsp;<strong>rescate<\/strong>,&nbsp;<strong>defensa a\u00e9rea&nbsp;<\/strong>con aviones<strong>&nbsp;F-18<\/strong>&nbsp;y t\u00e1cticas navales en columna frente a las costas de<strong>&nbsp;Mar del Plata&nbsp;<\/strong>y&nbsp;<strong>Necochea<\/strong>. Esta participaci\u00f3n es considerada un gesto clave de&nbsp;<strong>alineamiento geopol\u00edtico<\/strong>&nbsp;con los&nbsp;<strong>Estados Unidos<\/strong>&nbsp;por parte del Gobierno Nacional.__IP__<\/p>\n\n\n\n<p>El traslado del mandatario se llev\u00f3 a cabo de un&nbsp;<strong>Grumman C-2 Greyhound estadounidense<\/strong>, la aeronave de transporte que opera desde y hacia la cubierta del portaaviones; su visita coincidi\u00f3 con una demostraci\u00f3n a\u00e9rea de aviones&nbsp;<strong>F-18<\/strong>&nbsp;y helic\u00f3pteros&nbsp;<strong>MH-60 Seahawk<\/strong>, que forma parte del programa del \u00faltimo d\u00eda de ejercicios.&nbsp;<\/p>\n\n\n\n<p>Junto al Presidente viaj\u00f3 el titular de la C\u00e1mara de Diputados,&nbsp;<strong>Mart\u00edn Menem;&nbsp;<\/strong>el ministro de Defensa,&nbsp;<strong>Carlos Presti<\/strong>;&nbsp;el jefe del Estado Mayor Conjunto,&nbsp;<strong>Marcelo Dalle Nogare<\/strong>;<strong>&nbsp;&nbsp;<\/strong>y el jefe de la&nbsp;<strong>Armada<\/strong>,&nbsp;<strong>Juan Carlos Romay<\/strong>, tambi\u00e9n participar\u00e1n del evento.<\/p>\n","protected":false},"excerpt":{"rendered":"<p>El Presidente fue acompa\u00f1ado de una acotada comitiva oficial. El presidente&nbsp;Javier Milei&nbsp;viaja a Mar del Plata para participar de ejercicios navales tras la llegada del portaviones estadounidense&nbsp;USS Nimitz. Lo hace&hellip; <\/p>\n","protected":false},"author":3,"featured_media":254680,"comment_status":"closed","ping_status":"open","sticky":false,"template":"","format":"standard","meta":{"footnotes":""},"categories":[1],"tags":[],"class_list":["post-254650","post","type-post","status-publish","format-standard","has-post-thumbnail","hentry","category-informacion-general"],"_links":{"self":[{"href":"https:\/\/corrientesdetarde.com\/index.php\/wp-json\/wp\/v2\/posts\/254650","targetHints":{"allow":["GET"]}}],"collection":[{"href":"https:\/\/corrientesdetarde.com\/index.php\/wp-json\/wp\/v2\/posts"}],"about":[{"href":"https:\/\/corrientesdetarde.com\/index.php\/wp-json\/wp\/v2\/types\/post"}],"author":[{"embeddable":true,"href":"https:\/\/corrientesdetarde.com\/index.php\/wp-json\/wp\/v2\/users\/3"}],"replies":[{"embeddable":true,"href":"https:\/\/corrientesdetarde.com\/index.php\/wp-json\/wp\/v2\/comments?post=254650"}],"version-history":[{"count":1,"href":"https:\/\/corrientesdetarde.com\/index.php\/wp-json\/wp\/v2\/posts\/254650\/revisions"}],"predecessor-version":[{"id":254701,"href":"https:\/\/corrientesdetarde.com\/index.php\/wp-json\/wp\/v2\/posts\/254650\/revisions\/254701"}],"wp:featuredmedia":[{"embeddable":true,"href":"https:\/\/corrientesdetarde.com\/index.php\/wp-json\/wp\/v2\/media\/254680"}],"wp:attachment":[{"href":"https:\/\/corrientesdetarde.com\/index.php\/wp-json\/wp\/v2\/media?parent=254650"}],"wp:term":[{"taxonomy":"category","embeddable":true,"href":"https:\/\/corrientesdetarde.com\/index.php\/wp-json\/wp\/v2\/categories?post=254650"},{"taxonomy":"post_tag","embeddable":true,"href":"https:\/\/corrientesdetarde.com\/index.php\/wp-json\/wp\/v2\/tags?post=254650"}],"curies":[{"name":"wp","href":"https:\/\/api.w.org\/{rel}","templated":true}]}}