{"id":254655,"date":"2026-05-01T10:00:35","date_gmt":"2026-05-01T13:00:35","guid":{"rendered":"https:\/\/corrientesdetarde.com\/?p=254655"},"modified":"2026-05-01T10:00:37","modified_gmt":"2026-05-01T13:00:37","slug":"una-pareja-formalizo-su-matrimonio-tras-casi-dos-decadas-de-relacion","status":"publish","type":"post","link":"https:\/\/corrientesdetarde.com\/index.php\/informacion-general\/una-pareja-formalizo-su-matrimonio-tras-casi-dos-decadas-de-relacion\/","title":{"rendered":"Una pareja formaliz\u00f3 su matrimonio tras casi dos d\u00e9cadas de relaci\u00f3n"},"content":{"rendered":"\n<p>La ceremonia se realiz\u00f3 en una oficina p\u00fablica de la capital provincial. La historia incluye obst\u00e1culos familiares y un v\u00ednculo que se sostuvo en el tiempo.<\/p>\n\n\n\n<p>Silvia Graciela Viviana Romero y Miguel Angel Prieto contrajeron matrimonio civil el mi\u00e9rcoles por la ma\u00f1ana en la sede central del Registro de las Personas, ubicada sobre calle San Lorenzo al 800, en la ciudad de Corrientes, luego de casi 20 a\u00f1os de relaci\u00f3n que comenz\u00f3 el 16 de mayo de 2008, fecha que ambos identifican como el inicio de su v\u00ednculo y que tambi\u00e9n marca su aniversario.<\/p>\n\n\n\n<p>Seg\u00fan se inform\u00f3, la pareja se conoci\u00f3 hace casi dos d\u00e9cadas y mantuvo el v\u00ednculo a pesar de una etapa inicial marcada por la oposici\u00f3n de la familia de \u00e9l. La situaci\u00f3n estuvo vinculada a la discapacidad motriz de Silvia, producto de una secuela de poliomielitis, una enfermedad que tuvo presencia en el pa\u00eds durante las d\u00e9cadas del 50 y 60.<\/p>\n\n\n\n<p>Con el paso del tiempo, la relaci\u00f3n se sostuvo y avanz\u00f3 hasta concretar el matrimonio en una dependencia oficial de la capital correntina. En el entorno cercano indicaron que Miguel es menor que Silvia, una diferencia que tambi\u00e9n form\u00f3 parte del contexto en los primeros a\u00f1os del v\u00ednculo.<\/p>\n\n\n\n<p>Antes de esta relaci\u00f3n, Silvia hab\u00eda estado casada y es madre de tres hijas. Seg\u00fan trascendi\u00f3, esa etapa termin\u00f3 cuando su exesposo decidi\u00f3 dejar el hogar. Desde entonces, inici\u00f3 una nueva etapa personal que deriv\u00f3 en la relaci\u00f3n con Prieto, formalizada ahora mediante el casamiento civil.<\/p>\n","protected":false},"excerpt":{"rendered":"<p>La ceremonia se realiz\u00f3 en una oficina p\u00fablica de la capital provincial. La historia incluye obst\u00e1culos familiares y un v\u00ednculo que se sostuvo en el tiempo. Silvia Graciela Viviana Romero&hellip; <\/p>\n","protected":false},"author":3,"featured_media":254683,"comment_status":"closed","ping_status":"open","sticky":false,"template":"","format":"standard","meta":{"footnotes":""},"categories":[1],"tags":[],"class_list":["post-254655","post","type-post","status-publish","format-standard","has-post-thumbnail","hentry","category-informacion-general"],"_links":{"self":[{"href":"https:\/\/corrientesdetarde.com\/index.php\/wp-json\/wp\/v2\/posts\/254655","targetHints":{"allow":["GET"]}}],"collection":[{"href":"https:\/\/corrientesdetarde.com\/index.php\/wp-json\/wp\/v2\/posts"}],"about":[{"href":"https:\/\/corrientesdetarde.com\/index.php\/wp-json\/wp\/v2\/types\/post"}],"author":[{"embeddable":true,"href":"https:\/\/corrientesdetarde.com\/index.php\/wp-json\/wp\/v2\/users\/3"}],"replies":[{"embeddable":true,"href":"https:\/\/corrientesdetarde.com\/index.php\/wp-json\/wp\/v2\/comments?post=254655"}],"version-history":[{"count":1,"href":"https:\/\/corrientesdetarde.com\/index.php\/wp-json\/wp\/v2\/posts\/254655\/revisions"}],"predecessor-version":[{"id":254704,"href":"https:\/\/corrientesdetarde.com\/index.php\/wp-json\/wp\/v2\/posts\/254655\/revisions\/254704"}],"wp:featuredmedia":[{"embeddable":true,"href":"https:\/\/corrientesdetarde.com\/index.php\/wp-json\/wp\/v2\/media\/254683"}],"wp:attachment":[{"href":"https:\/\/corrientesdetarde.com\/index.php\/wp-json\/wp\/v2\/media?parent=254655"}],"wp:term":[{"taxonomy":"category","embeddable":true,"href":"https:\/\/corrientesdetarde.com\/index.php\/wp-json\/wp\/v2\/categories?post=254655"},{"taxonomy":"post_tag","embeddable":true,"href":"https:\/\/corrientesdetarde.com\/index.php\/wp-json\/wp\/v2\/tags?post=254655"}],"curies":[{"name":"wp","href":"https:\/\/api.w.org\/{rel}","templated":true}]}}