{"id":254667,"date":"2026-05-01T11:00:40","date_gmt":"2026-05-01T14:00:40","guid":{"rendered":"https:\/\/corrientesdetarde.com\/?p=254667"},"modified":"2026-05-01T11:00:42","modified_gmt":"2026-05-01T14:00:42","slug":"el-grupo-revelacion-de-la-fiesta-del-chamame-2026-suspende-gira-por-problema-de-salud","status":"publish","type":"post","link":"https:\/\/corrientesdetarde.com\/index.php\/informacion-general\/el-grupo-revelacion-de-la-fiesta-del-chamame-2026-suspende-gira-por-problema-de-salud\/","title":{"rendered":"El grupo Revelaci\u00f3n de la Fiesta del Chamam\u00e9 2026 suspende gira por &#8220;problema de salud&#8221;"},"content":{"rendered":"\n<p>Se trata del conjunto Los Pr\u00edncipes de Misiones. A trav\u00e9s de sus redes sociales pidieron disculpas a su p\u00fablico ya que deben suspender sus funciones previstas para el fin de semana largo debido a la salud de uno de sus integrantes.<\/p>\n\n\n\n<p>El conjunto Los Pr\u00edncipes de Misiones suspendi\u00f3 su gira prevista para el 30 de abril y el 1, 2 y 3 de mayo por problemas de salud de uno de sus integrantes.<\/p>\n\n\n\n<p>Desde el grupo indicaron que la decisi\u00f3n responde a una situaci\u00f3n m\u00e9dica que impide cumplir con las presentaciones programadas en esas fechas.<\/p>\n\n\n\n<p>A su vez, informaron que ya trabajan en la reprogramaci\u00f3n de los bailes previstos para esos cuatro d\u00edas y agradecieron la comprensi\u00f3n y el apoyo del p\u00fablico ante la medida.<\/p>\n\n\n\n<p>Vale recordar que entre sus actuaciones estaba prevista la visita al interior de Corrientes.&nbsp;<\/p>\n","protected":false},"excerpt":{"rendered":"<p>Se trata del conjunto Los Pr\u00edncipes de Misiones. A trav\u00e9s de sus redes sociales pidieron disculpas a su p\u00fablico ya que deben suspender sus funciones previstas para el fin de&hellip; <\/p>\n","protected":false},"author":3,"featured_media":254690,"comment_status":"closed","ping_status":"open","sticky":false,"template":"","format":"standard","meta":{"footnotes":""},"categories":[1],"tags":[],"class_list":["post-254667","post","type-post","status-publish","format-standard","has-post-thumbnail","hentry","category-informacion-general"],"_links":{"self":[{"href":"https:\/\/corrientesdetarde.com\/index.php\/wp-json\/wp\/v2\/posts\/254667","targetHints":{"allow":["GET"]}}],"collection":[{"href":"https:\/\/corrientesdetarde.com\/index.php\/wp-json\/wp\/v2\/posts"}],"about":[{"href":"https:\/\/corrientesdetarde.com\/index.php\/wp-json\/wp\/v2\/types\/post"}],"author":[{"embeddable":true,"href":"https:\/\/corrientesdetarde.com\/index.php\/wp-json\/wp\/v2\/users\/3"}],"replies":[{"embeddable":true,"href":"https:\/\/corrientesdetarde.com\/index.php\/wp-json\/wp\/v2\/comments?post=254667"}],"version-history":[{"count":1,"href":"https:\/\/corrientesdetarde.com\/index.php\/wp-json\/wp\/v2\/posts\/254667\/revisions"}],"predecessor-version":[{"id":254710,"href":"https:\/\/corrientesdetarde.com\/index.php\/wp-json\/wp\/v2\/posts\/254667\/revisions\/254710"}],"wp:featuredmedia":[{"embeddable":true,"href":"https:\/\/corrientesdetarde.com\/index.php\/wp-json\/wp\/v2\/media\/254690"}],"wp:attachment":[{"href":"https:\/\/corrientesdetarde.com\/index.php\/wp-json\/wp\/v2\/media?parent=254667"}],"wp:term":[{"taxonomy":"category","embeddable":true,"href":"https:\/\/corrientesdetarde.com\/index.php\/wp-json\/wp\/v2\/categories?post=254667"},{"taxonomy":"post_tag","embeddable":true,"href":"https:\/\/corrientesdetarde.com\/index.php\/wp-json\/wp\/v2\/tags?post=254667"}],"curies":[{"name":"wp","href":"https:\/\/api.w.org\/{rel}","templated":true}]}}