{"id":254713,"date":"2026-05-01T17:00:00","date_gmt":"2026-05-01T20:00:00","guid":{"rendered":"https:\/\/corrientesdetarde.com\/?p=254713"},"modified":"2026-05-01T17:42:28","modified_gmt":"2026-05-01T20:42:28","slug":"corrientes-sera-la-sede-de-la-final-del-campeonato-nacional-de-triatlon","status":"publish","type":"post","link":"https:\/\/corrientesdetarde.com\/index.php\/deportes\/corrientes-sera-la-sede-de-la-final-del-campeonato-nacional-de-triatlon\/","title":{"rendered":"Corrientes ser\u00e1 la sede de la Final del Campeonato Nacional de Triatl\u00f3n."},"content":{"rendered":"\n<h2 class=\"wp-block-heading\">Lautaro Gauna es excompetidor y\u00a0confirm\u00f3 que la capital correntina ser\u00e1 sede de la definici\u00f3n el 9 de mayo. Habr\u00e1 categor\u00edas para todas las edades, circuito sobre la costanera y un mensaje de concientizaci\u00f3n impulsado por la organizaci\u00f3n.<\/h2>\n\n\n\n<p>La ciudad de Corrientes ser\u00e1 escenario de la gran final del Campeonato Nacional de Triatl\u00f3n el pr\u00f3ximo 9 de mayo, con la participaci\u00f3n de alrededor de 150 competidores de todo el pa\u00eds. As\u00ed lo confirm\u00f3 Lautaro Gauna, excompetidor y miembro de la Fundaci\u00f3n de Derechos Humanos, Equidad y G\u00e9nero (FUNDEG).<\/p>\n\n\n\n<p>El deportista afirm\u00f3: \u201cTenemos alrededor de unos 150 inscriptos, con distintas categor\u00edas, desde juveniles hasta mayores de 60 a\u00f1os, que van a estar compitiendo por el campeonato argentino\u201d, explic\u00f3. Adem\u00e1s, indic\u00f3 que en la categor\u00eda elite participar\u00e1n entre 30 y 40 atletas que buscar\u00e1n la clasificaci\u00f3n a los Juegos Sudamericanos.<\/p>\n\n\n\n<p>Gauna precis\u00f3 que el triatl\u00f3n combina tres disciplinas:<strong>&nbsp;nataci\u00f3n, ciclismo y pedestrismo,<\/strong>&nbsp;y destac\u00f3 que la final vuelve a Corrientes tras varios a\u00f1os. \u201cSiempre se busc\u00f3 hacer la fecha final ac\u00e1, y ahora se logr\u00f3 despu\u00e9s de mucho tiempo\u201d, se\u00f1al\u00f3.<\/p>\n\n\n\n<p>Detall\u00f3 que la competencia principal tendr\u00e1 largada en Playa Malvinas I, con un tramo de nataci\u00f3n a favor de la corriente hasta la zona de Arasat\u00ed. Luego continuar\u00e1 con un recorrido de ciclismo sobre la costanera y finalizar\u00e1 con la etapa pedestre. Tambi\u00e9n habr\u00e1 un formato \u201csuper sprint\u201d destinado a j\u00f3venes de entre 12 y 15 a\u00f1os.<\/p>\n\n\n\n<p>\u201cLa concentraci\u00f3n de atletas ser\u00e1 desde las 7.30 y la largada oficial est\u00e1 prevista para las 9\u201d, indic\u00f3.&nbsp;<\/p>\n\n\n\n<p>Contar\u00e1 con un amplio operativo de seguridad y asistencia. \u201cHabr\u00e1 guardavidas durante toda la nataci\u00f3n, ambulancias, personal del 107, Cruz Roja y un equipo de salud propio\u201d, asegur\u00f3.<\/p>\n\n\n\n<p>M\u00e1s all\u00e1 de lo deportivo, Gauna remarc\u00f3 el objetivo social de la competencia. \u201cLa propuesta surge para visibilizar y generar conciencia sobre la salud mental. Es un tema muy importante en estos tiempos\u201d, sostuvo, y agreg\u00f3 que la iniciativa fue articulada con la Federaci\u00f3n Argentina de Triatl\u00f3n, el municipio y el Gobierno provincial.<\/p>\n","protected":false},"excerpt":{"rendered":"<p>Lautaro Gauna es excompetidor y\u00a0confirm\u00f3 que la capital correntina ser\u00e1 sede de la definici\u00f3n el 9 de mayo. Habr\u00e1 categor\u00edas para todas las edades, circuito sobre la costanera y un&hellip; <\/p>\n","protected":false},"author":6,"featured_media":254714,"comment_status":"closed","ping_status":"open","sticky":false,"template":"","format":"standard","meta":{"footnotes":""},"categories":[4],"tags":[],"class_list":["post-254713","post","type-post","status-publish","format-standard","has-post-thumbnail","hentry","category-deportes"],"_links":{"self":[{"href":"https:\/\/corrientesdetarde.com\/index.php\/wp-json\/wp\/v2\/posts\/254713","targetHints":{"allow":["GET"]}}],"collection":[{"href":"https:\/\/corrientesdetarde.com\/index.php\/wp-json\/wp\/v2\/posts"}],"about":[{"href":"https:\/\/corrientesdetarde.com\/index.php\/wp-json\/wp\/v2\/types\/post"}],"author":[{"embeddable":true,"href":"https:\/\/corrientesdetarde.com\/index.php\/wp-json\/wp\/v2\/users\/6"}],"replies":[{"embeddable":true,"href":"https:\/\/corrientesdetarde.com\/index.php\/wp-json\/wp\/v2\/comments?post=254713"}],"version-history":[{"count":1,"href":"https:\/\/corrientesdetarde.com\/index.php\/wp-json\/wp\/v2\/posts\/254713\/revisions"}],"predecessor-version":[{"id":254716,"href":"https:\/\/corrientesdetarde.com\/index.php\/wp-json\/wp\/v2\/posts\/254713\/revisions\/254716"}],"wp:featuredmedia":[{"embeddable":true,"href":"https:\/\/corrientesdetarde.com\/index.php\/wp-json\/wp\/v2\/media\/254714"}],"wp:attachment":[{"href":"https:\/\/corrientesdetarde.com\/index.php\/wp-json\/wp\/v2\/media?parent=254713"}],"wp:term":[{"taxonomy":"category","embeddable":true,"href":"https:\/\/corrientesdetarde.com\/index.php\/wp-json\/wp\/v2\/categories?post=254713"},{"taxonomy":"post_tag","embeddable":true,"href":"https:\/\/corrientesdetarde.com\/index.php\/wp-json\/wp\/v2\/tags?post=254713"}],"curies":[{"name":"wp","href":"https:\/\/api.w.org\/{rel}","templated":true}]}}