{"id":254715,"date":"2026-05-01T17:10:00","date_gmt":"2026-05-01T20:10:00","guid":{"rendered":"https:\/\/corrientesdetarde.com\/?p=254715"},"modified":"2026-05-01T17:50:40","modified_gmt":"2026-05-01T20:50:40","slug":"tras-las-denuncias-reincorporaron-a-los-trabajadores-despedidos-del-correo","status":"publish","type":"post","link":"https:\/\/corrientesdetarde.com\/index.php\/informacion-general\/tras-las-denuncias-reincorporaron-a-los-trabajadores-despedidos-del-correo\/","title":{"rendered":"Tras las denuncias reincorporaron a los trabajadores despedidos del Correo."},"content":{"rendered":"\n<h2 class=\"wp-block-heading\">El sindicato comunic\u00f3 un principio de acuerdo con CORASA que incluye la reincorporaci\u00f3n del personal y el levantamiento de medidas de fuerza, en un conflicto que hab\u00eda sido denunciado por ex empleados.<\/h2>\n\n\n\n<p>La<strong>\u00a0Federaci\u00f3n de Obreros y Empleados de Correos y Telecomunicaciones<\/strong>\u00a0inform\u00f3 que alcanz\u00f3 un\u00a0<strong>principio de acuerdo<\/strong>\u00a0con la empresa CORASA que c<strong>ontempla la reincorporaci\u00f3n de trabajadores despedidos<\/strong>, en el marco de un conflicto que hab\u00eda sido visibilizado por ex empleados del Correo Argentino.<\/p>\n\n\n\n<p>D\u00edas atr\u00e1s,&nbsp;<strong>un grupo de 15 trabajadores hab\u00eda denunciado p\u00fablicamente haber sido desvinculado<\/strong>&nbsp;luego de participar en una&nbsp;<strong>asamblea gremial en reclamo de mejoras salariales<\/strong>. Seg\u00fan expresaron, la medida tuvo una duraci\u00f3n aproximada de cuatro horas y, de acuerdo a su versi\u00f3n, no implic\u00f3 la interrupci\u00f3n total del servicio.<\/p>\n\n\n\n<p>En ese contexto, tambi\u00e9n cuestionaron el accionar del sindicato, al se\u00f1alar que hab\u00edan sido convocados a participar de la asamblea con la garant\u00eda de que no habr\u00eda consecuencias laborales. Adem\u00e1s, indicaron que los salarios percibidos&nbsp;<strong>rondaban los 770 mil pesos mensuales<\/strong>&nbsp;y que el reclamo apuntaba a una recomposici\u00f3n salarial.<\/p>\n\n\n\n<figure class=\"wp-block-image\"><a class=\"fotos-desarrollo unlink\" href=\"https:\/\/www.radiosudamericana.com\/notix\/multimedia\/imagenes\/fotos\/2026-04-30\/154722.jpeg\"><img decoding=\"async\" src=\"https:\/\/www.radiosudamericana.com\/notix\/multimedia\/imagenes\/fotos\/2026-04-30\/154722.jpeg_nota.jpeg\" alt=\"\"\/><\/a><\/figure>\n\n\n\n<p>Tras esas denuncias,&nbsp;<strong>FOECYT comunic\u00f3 que<\/strong>, luego de reuniones con directivos de la empresa,&nbsp;<strong>se alcanz\u00f3 un entendimiento inicial que incluye la reincorporaci\u00f3n de la totalidad de los trabajadores despedidos<\/strong>. Asimismo,&nbsp;<strong>el gremio anunci\u00f3 el levantamiento de las medidas de fuerza previstas para los d\u00edas 4 y 5 de mayo.<\/strong><\/p>\n\n\n\n<p>Desde la organizaci\u00f3n sindical tambi\u00e9n se\u00f1alaron que el acuerdo no implica desistir de futuros reclamos vinculados a condiciones laborales, y convocaron a los trabajadores a retomar sus tareas habituales mientras contin\u00faan las gestiones.<\/p>\n\n\n\n<p>El conflicto hab\u00eda generado preocupaci\u00f3n entre los empleados afectados, varios de ellos con a\u00f1os de antig\u00fcedad, quienes hab\u00edan manifestado el impacto econ\u00f3mico y social de las desvinculaciones. Con este anuncio, el proceso queda sujeto a la implementaci\u00f3n de lo acordado entre las partes y al avance de las negociaciones en curso.<\/p>\n","protected":false},"excerpt":{"rendered":"<p>El sindicato comunic\u00f3 un principio de acuerdo con CORASA que incluye la reincorporaci\u00f3n del personal y el levantamiento de medidas de fuerza, en un conflicto que hab\u00eda sido denunciado por&hellip; <\/p>\n","protected":false},"author":6,"featured_media":254717,"comment_status":"closed","ping_status":"open","sticky":false,"template":"","format":"standard","meta":{"footnotes":""},"categories":[1],"tags":[],"class_list":["post-254715","post","type-post","status-publish","format-standard","has-post-thumbnail","hentry","category-informacion-general"],"_links":{"self":[{"href":"https:\/\/corrientesdetarde.com\/index.php\/wp-json\/wp\/v2\/posts\/254715","targetHints":{"allow":["GET"]}}],"collection":[{"href":"https:\/\/corrientesdetarde.com\/index.php\/wp-json\/wp\/v2\/posts"}],"about":[{"href":"https:\/\/corrientesdetarde.com\/index.php\/wp-json\/wp\/v2\/types\/post"}],"author":[{"embeddable":true,"href":"https:\/\/corrientesdetarde.com\/index.php\/wp-json\/wp\/v2\/users\/6"}],"replies":[{"embeddable":true,"href":"https:\/\/corrientesdetarde.com\/index.php\/wp-json\/wp\/v2\/comments?post=254715"}],"version-history":[{"count":2,"href":"https:\/\/corrientesdetarde.com\/index.php\/wp-json\/wp\/v2\/posts\/254715\/revisions"}],"predecessor-version":[{"id":254720,"href":"https:\/\/corrientesdetarde.com\/index.php\/wp-json\/wp\/v2\/posts\/254715\/revisions\/254720"}],"wp:featuredmedia":[{"embeddable":true,"href":"https:\/\/corrientesdetarde.com\/index.php\/wp-json\/wp\/v2\/media\/254717"}],"wp:attachment":[{"href":"https:\/\/corrientesdetarde.com\/index.php\/wp-json\/wp\/v2\/media?parent=254715"}],"wp:term":[{"taxonomy":"category","embeddable":true,"href":"https:\/\/corrientesdetarde.com\/index.php\/wp-json\/wp\/v2\/categories?post=254715"},{"taxonomy":"post_tag","embeddable":true,"href":"https:\/\/corrientesdetarde.com\/index.php\/wp-json\/wp\/v2\/tags?post=254715"}],"curies":[{"name":"wp","href":"https:\/\/api.w.org\/{rel}","templated":true}]}}