{"id":254721,"date":"2026-05-01T17:20:00","date_gmt":"2026-05-01T20:20:00","guid":{"rendered":"https:\/\/corrientesdetarde.com\/?p=254721"},"modified":"2026-05-01T17:50:47","modified_gmt":"2026-05-01T20:50:47","slug":"continua-el-alerta-por-lluvias-hasta-el-sabado","status":"publish","type":"post","link":"https:\/\/corrientesdetarde.com\/index.php\/clima\/continua-el-alerta-por-lluvias-hasta-el-sabado\/","title":{"rendered":"Contin\u00faa el alerta por lluvias hasta el s\u00e1bado."},"content":{"rendered":"\n<h2 class=\"wp-block-heading\">El SMN ratific\u00f3 este viernes 1\u00ba de mayo las alertas tanto de color amarillo para el norte y oeste de Corrientes, como naranja para centro y sureste del territorio. Se espera que al menos hasta el s\u00e1bado a la tarde sigan vigentes las lluvias.<\/h2>\n\n\n\n<p>El alerta se cumpli\u00f3 para Corrientes y las precipitaciones comenzaron en la madrugada de este viernes y seguir\u00e1n al menos hasta el mediod\u00eda del s\u00e1bado. El \u00e1rea de cobertura incluye a las localidades de Ber\u00f3n de Astrada, Capital, Empedrado, General Paz, Itat\u00ed, Mburucuy\u00e1, Saladas, San Cosme y San Luis del Palmar.<\/p>\n\n\n\n<figure class=\"wp-block-image\"><a class=\"fotos-desarrollo unlink\" href=\"https:\/\/www.radiosudamericana.com\/notix\/multimedia\/imagenes\/fotos\/2026-05-01\/301990.jpg\"><img decoding=\"async\" src=\"https:\/\/www.radiosudamericana.com\/notix\/multimedia\/imagenes\/fotos\/2026-05-01\/301990.jpg_nota.jpg\" alt=\"\"\/><\/a><\/figure>\n\n\n\n<p>El \u00e1rea ser\u00e1 afectada por tormentas y lluvias intensas, con valores de precipitaci\u00f3n acumulada entre 50 y 80 mm. Tambi\u00e9n es posible que se registren r\u00e1fagas fuertes, ca\u00edda de granizo e intensa actividad el\u00e9ctrica y principalmente, abundante ca\u00edda de agua en cortos periodos.<\/p>\n\n\n\n<figure class=\"wp-block-image\"><a class=\"fotos-desarrollo unlink\" href=\"https:\/\/www.radiosudamericana.com\/notix\/multimedia\/imagenes\/fotos\/2026-05-01\/880013.png\"><img decoding=\"async\" src=\"https:\/\/www.radiosudamericana.com\/notix\/multimedia\/imagenes\/fotos\/2026-05-01\/880013.png_nota.png\" alt=\"\"\/><\/a><\/figure>\n\n\n\n<figure class=\"wp-block-image\"><a class=\"fotos-desarrollo unlink\" href=\"https:\/\/www.radiosudamericana.com\/notix\/multimedia\/imagenes\/fotos\/2026-05-01\/293591.png\"><img decoding=\"async\" src=\"https:\/\/www.radiosudamericana.com\/notix\/multimedia\/imagenes\/fotos\/2026-05-01\/293591.png_nota.png\" alt=\"\"\/><\/a><\/figure>\n\n\n\n<p>Recomendaciones<\/p>\n\n\n\n<p>1- Evit\u00e1 salir.<\/p>\n\n\n\n<p>2- No saques la basura y limpi\u00e1 desag\u00fces y sumideros.<\/p>\n\n\n\n<p>3- Desconect\u00e1 los electrodom\u00e9sticos y cort\u00e1 el suministro el\u00e9ctrico si ingresa agua<\/p>\n\n\n\n<p>4- Cerr\u00e1 y alejate de puertas y ventanas.<\/p>\n\n\n\n<p>5- Retir\u00e1 o asegur\u00e1 objetos que puedan ser arrastrados por el viento.<\/p>\n\n\n\n<p>6- Si est\u00e1s al aire libre, busc\u00e1 refugio inmediato en un edificio, casa o veh\u00edculo cerrado.<\/p>\n","protected":false},"excerpt":{"rendered":"<p>El SMN ratific\u00f3 este viernes 1\u00ba de mayo las alertas tanto de color amarillo para el norte y oeste de Corrientes, como naranja para centro y sureste del territorio. Se&hellip; <\/p>\n","protected":false},"author":6,"featured_media":254722,"comment_status":"closed","ping_status":"open","sticky":false,"template":"","format":"standard","meta":{"footnotes":""},"categories":[29],"tags":[],"class_list":["post-254721","post","type-post","status-publish","format-standard","has-post-thumbnail","hentry","category-clima"],"_links":{"self":[{"href":"https:\/\/corrientesdetarde.com\/index.php\/wp-json\/wp\/v2\/posts\/254721","targetHints":{"allow":["GET"]}}],"collection":[{"href":"https:\/\/corrientesdetarde.com\/index.php\/wp-json\/wp\/v2\/posts"}],"about":[{"href":"https:\/\/corrientesdetarde.com\/index.php\/wp-json\/wp\/v2\/types\/post"}],"author":[{"embeddable":true,"href":"https:\/\/corrientesdetarde.com\/index.php\/wp-json\/wp\/v2\/users\/6"}],"replies":[{"embeddable":true,"href":"https:\/\/corrientesdetarde.com\/index.php\/wp-json\/wp\/v2\/comments?post=254721"}],"version-history":[{"count":1,"href":"https:\/\/corrientesdetarde.com\/index.php\/wp-json\/wp\/v2\/posts\/254721\/revisions"}],"predecessor-version":[{"id":254723,"href":"https:\/\/corrientesdetarde.com\/index.php\/wp-json\/wp\/v2\/posts\/254721\/revisions\/254723"}],"wp:featuredmedia":[{"embeddable":true,"href":"https:\/\/corrientesdetarde.com\/index.php\/wp-json\/wp\/v2\/media\/254722"}],"wp:attachment":[{"href":"https:\/\/corrientesdetarde.com\/index.php\/wp-json\/wp\/v2\/media?parent=254721"}],"wp:term":[{"taxonomy":"category","embeddable":true,"href":"https:\/\/corrientesdetarde.com\/index.php\/wp-json\/wp\/v2\/categories?post=254721"},{"taxonomy":"post_tag","embeddable":true,"href":"https:\/\/corrientesdetarde.com\/index.php\/wp-json\/wp\/v2\/tags?post=254721"}],"curies":[{"name":"wp","href":"https:\/\/api.w.org\/{rel}","templated":true}]}}