{"id":254733,"date":"2026-05-01T18:05:25","date_gmt":"2026-05-01T21:05:25","guid":{"rendered":"https:\/\/corrientesdetarde.com\/?p=254733"},"modified":"2026-05-01T18:05:37","modified_gmt":"2026-05-01T21:05:37","slug":"conmemoracion-del-78-aniversario-de-la-independencia-del-estado-de-israel-iom-hatzmaut","status":"publish","type":"post","link":"https:\/\/corrientesdetarde.com\/index.php\/sociales\/conmemoracion-del-78-aniversario-de-la-independencia-del-estado-de-israel-iom-hatzmaut\/","title":{"rendered":"Conmemoraci\u00f3n del 78\u00b0 Aniversario de la Independencia del Estado de Israel \u2013 Iom Hatzmaut."},"content":{"rendered":"\n<h2 class=\"wp-block-heading\">En el marco del Programa Luminarias de la Honorable C\u00e1mara de Senadores de la Provincia, se llev\u00f3 a cabo un emotivo acto en homenaje al 78\u00b0 aniversario de la declaraci\u00f3n de independencia del Estado de Israel, con una destacada participaci\u00f3n institucional y de la colectividad israelita en Corrientes.<\/h2>\n\n\n\n<p>El evento cont\u00f3 con la presencia del Vicegobernador de la Provincia y presidente del Senado, Pedro Braillard Poccard, quien encabez\u00f3 la ceremonia y reafirm\u00f3 los lazos de respeto, convivencia y cooperaci\u00f3n entre los pueblos.<\/p>\n\n\n\n<figure class=\"wp-block-image size-large\"><img loading=\"lazy\" decoding=\"async\" width=\"1024\" height=\"683\" src=\"https:\/\/corrientesdetarde.com\/wp-content\/uploads\/2026\/05\/image-6-1024x683.png\" alt=\"\" class=\"wp-image-254735\" srcset=\"https:\/\/corrientesdetarde.com\/wp-content\/uploads\/2026\/05\/image-6-1024x683.png 1024w, https:\/\/corrientesdetarde.com\/wp-content\/uploads\/2026\/05\/image-6-300x200.png 300w, https:\/\/corrientesdetarde.com\/wp-content\/uploads\/2026\/05\/image-6-768x512.png 768w, https:\/\/corrientesdetarde.com\/wp-content\/uploads\/2026\/05\/image-6-1536x1024.png 1536w, https:\/\/corrientesdetarde.com\/wp-content\/uploads\/2026\/05\/image-6.png 1599w\" sizes=\"auto, (max-width: 1024px) 100vw, 1024px\" \/><\/figure>\n\n\n\n<p>Durante la jornada, se vivieron momentos de profunda significaci\u00f3n: el ingreso de las banderas de ceremonia, la entonaci\u00f3n de los himnos nacionales de Argentina e Israel, oraciones por el bienestar de ambas naciones y palabras de referentes de instituciones de la comunidad israelita local.<\/p>\n\n\n\n<p>Asimismo, se proyect\u00f3 un mensaje institucional de la Embajada de Israel en Argentina y el Vicegobernador hizo entrega de la declaraci\u00f3n de inter\u00e9s legislativo por este nuevo aniversario, destacando el valor hist\u00f3rico y cultural de la fecha.<\/p>\n\n\n\n<p>La ceremonia incluy\u00f3 adem\u00e1s un destacado momento art\u00edstico con la presentaci\u00f3n musical del violinista Juan Jos\u00e9 Fern\u00e1ndez \u00c1lvarez y la tradicional ejecuci\u00f3n del shofar, s\u00edmbolo de renovaci\u00f3n y esperanza.<\/p>\n\n\n\n<figure class=\"wp-block-image size-large\"><img loading=\"lazy\" decoding=\"async\" width=\"1024\" height=\"683\" src=\"https:\/\/corrientesdetarde.com\/wp-content\/uploads\/2026\/05\/image-11-1024x683.png\" alt=\"\" class=\"wp-image-254740\" srcset=\"https:\/\/corrientesdetarde.com\/wp-content\/uploads\/2026\/05\/image-11-1024x683.png 1024w, https:\/\/corrientesdetarde.com\/wp-content\/uploads\/2026\/05\/image-11-300x200.png 300w, https:\/\/corrientesdetarde.com\/wp-content\/uploads\/2026\/05\/image-11-768x512.png 768w, https:\/\/corrientesdetarde.com\/wp-content\/uploads\/2026\/05\/image-11-1536x1024.png 1536w, https:\/\/corrientesdetarde.com\/wp-content\/uploads\/2026\/05\/image-11.png 1599w\" sizes=\"auto, (max-width: 1024px) 100vw, 1024px\" \/><\/figure>\n\n\n\n<p>El acto concluy\u00f3 con un espacio de encuentro y celebraci\u00f3n compartida, fortaleciendo los v\u00ednculos entre las colectividades y reafirmando el compromiso con la memoria, la identidad y la convivencia en diversidad.<\/p>\n\n\n\n<figure class=\"wp-block-image size-large\"><img loading=\"lazy\" decoding=\"async\" width=\"1024\" height=\"683\" src=\"https:\/\/corrientesdetarde.com\/wp-content\/uploads\/2026\/05\/image-7-1024x683.png\" alt=\"\" class=\"wp-image-254736\" srcset=\"https:\/\/corrientesdetarde.com\/wp-content\/uploads\/2026\/05\/image-7-1024x683.png 1024w, https:\/\/corrientesdetarde.com\/wp-content\/uploads\/2026\/05\/image-7-300x200.png 300w, https:\/\/corrientesdetarde.com\/wp-content\/uploads\/2026\/05\/image-7-768x512.png 768w, https:\/\/corrientesdetarde.com\/wp-content\/uploads\/2026\/05\/image-7-1536x1024.png 1536w, https:\/\/corrientesdetarde.com\/wp-content\/uploads\/2026\/05\/image-7.png 1599w\" sizes=\"auto, (max-width: 1024px) 100vw, 1024px\" \/><\/figure>\n\n\n\n<figure class=\"wp-block-image size-large\"><img loading=\"lazy\" decoding=\"async\" width=\"1024\" height=\"683\" src=\"https:\/\/corrientesdetarde.com\/wp-content\/uploads\/2026\/05\/image-8-1024x683.png\" alt=\"\" class=\"wp-image-254737\" srcset=\"https:\/\/corrientesdetarde.com\/wp-content\/uploads\/2026\/05\/image-8-1024x683.png 1024w, https:\/\/corrientesdetarde.com\/wp-content\/uploads\/2026\/05\/image-8-300x200.png 300w, https:\/\/corrientesdetarde.com\/wp-content\/uploads\/2026\/05\/image-8-768x512.png 768w, https:\/\/corrientesdetarde.com\/wp-content\/uploads\/2026\/05\/image-8-1536x1024.png 1536w, https:\/\/corrientesdetarde.com\/wp-content\/uploads\/2026\/05\/image-8.png 1599w\" sizes=\"auto, (max-width: 1024px) 100vw, 1024px\" \/><\/figure>\n\n\n\n<figure class=\"wp-block-image size-large\"><img loading=\"lazy\" decoding=\"async\" width=\"1024\" height=\"683\" src=\"https:\/\/corrientesdetarde.com\/wp-content\/uploads\/2026\/05\/image-9-1024x683.png\" alt=\"\" class=\"wp-image-254738\" srcset=\"https:\/\/corrientesdetarde.com\/wp-content\/uploads\/2026\/05\/image-9-1024x683.png 1024w, https:\/\/corrientesdetarde.com\/wp-content\/uploads\/2026\/05\/image-9-300x200.png 300w, https:\/\/corrientesdetarde.com\/wp-content\/uploads\/2026\/05\/image-9-768x512.png 768w, https:\/\/corrientesdetarde.com\/wp-content\/uploads\/2026\/05\/image-9-1536x1024.png 1536w, https:\/\/corrientesdetarde.com\/wp-content\/uploads\/2026\/05\/image-9.png 1599w\" sizes=\"auto, (max-width: 1024px) 100vw, 1024px\" \/><\/figure>\n\n\n\n<figure class=\"wp-block-image size-large\"><img loading=\"lazy\" decoding=\"async\" width=\"1024\" height=\"683\" src=\"https:\/\/corrientesdetarde.com\/wp-content\/uploads\/2026\/05\/image-10-1024x683.png\" alt=\"\" class=\"wp-image-254739\" srcset=\"https:\/\/corrientesdetarde.com\/wp-content\/uploads\/2026\/05\/image-10-1024x683.png 1024w, https:\/\/corrientesdetarde.com\/wp-content\/uploads\/2026\/05\/image-10-300x200.png 300w, https:\/\/corrientesdetarde.com\/wp-content\/uploads\/2026\/05\/image-10-768x512.png 768w, https:\/\/corrientesdetarde.com\/wp-content\/uploads\/2026\/05\/image-10-1536x1024.png 1536w, https:\/\/corrientesdetarde.com\/wp-content\/uploads\/2026\/05\/image-10.png 1599w\" sizes=\"auto, (max-width: 1024px) 100vw, 1024px\" \/><\/figure>\n","protected":false},"excerpt":{"rendered":"<p>En el marco del Programa Luminarias de la Honorable C\u00e1mara de Senadores de la Provincia, se llev\u00f3 a cabo un emotivo acto en homenaje al 78\u00b0 aniversario de la declaraci\u00f3n&hellip; <\/p>\n","protected":false},"author":6,"featured_media":254734,"comment_status":"closed","ping_status":"open","sticky":false,"template":"","format":"standard","meta":{"footnotes":""},"categories":[17],"tags":[],"class_list":["post-254733","post","type-post","status-publish","format-standard","has-post-thumbnail","hentry","category-sociales"],"_links":{"self":[{"href":"https:\/\/corrientesdetarde.com\/index.php\/wp-json\/wp\/v2\/posts\/254733","targetHints":{"allow":["GET"]}}],"collection":[{"href":"https:\/\/corrientesdetarde.com\/index.php\/wp-json\/wp\/v2\/posts"}],"about":[{"href":"https:\/\/corrientesdetarde.com\/index.php\/wp-json\/wp\/v2\/types\/post"}],"author":[{"embeddable":true,"href":"https:\/\/corrientesdetarde.com\/index.php\/wp-json\/wp\/v2\/users\/6"}],"replies":[{"embeddable":true,"href":"https:\/\/corrientesdetarde.com\/index.php\/wp-json\/wp\/v2\/comments?post=254733"}],"version-history":[{"count":1,"href":"https:\/\/corrientesdetarde.com\/index.php\/wp-json\/wp\/v2\/posts\/254733\/revisions"}],"predecessor-version":[{"id":254741,"href":"https:\/\/corrientesdetarde.com\/index.php\/wp-json\/wp\/v2\/posts\/254733\/revisions\/254741"}],"wp:featuredmedia":[{"embeddable":true,"href":"https:\/\/corrientesdetarde.com\/index.php\/wp-json\/wp\/v2\/media\/254734"}],"wp:attachment":[{"href":"https:\/\/corrientesdetarde.com\/index.php\/wp-json\/wp\/v2\/media?parent=254733"}],"wp:term":[{"taxonomy":"category","embeddable":true,"href":"https:\/\/corrientesdetarde.com\/index.php\/wp-json\/wp\/v2\/categories?post=254733"},{"taxonomy":"post_tag","embeddable":true,"href":"https:\/\/corrientesdetarde.com\/index.php\/wp-json\/wp\/v2\/tags?post=254733"}],"curies":[{"name":"wp","href":"https:\/\/api.w.org\/{rel}","templated":true}]}}