{"id":254742,"date":"2026-05-01T18:20:00","date_gmt":"2026-05-01T21:20:00","guid":{"rendered":"https:\/\/corrientesdetarde.com\/?p=254742"},"modified":"2026-05-01T19:14:15","modified_gmt":"2026-05-01T22:14:15","slug":"anticipan-que-la-cosecha-de-granos-seria-record","status":"publish","type":"post","link":"https:\/\/corrientesdetarde.com\/index.php\/economia\/anticipan-que-la-cosecha-de-granos-seria-record\/","title":{"rendered":"Anticipan que la cosecha de granos ser\u00eda r\u00e9cord."},"content":{"rendered":"\n<h2 class=\"wp-block-heading\">La campa\u00f1a 2025\/26 proyecta 163 millones de toneladas, con el ma\u00edz y la soja como principales motores. El ingeniero agr\u00f3nomo y ex ministro de la Porducci\u00f3n de Corrientes, Jorge Vara, advirti\u00f3 que la rentabilidad de los productores est\u00e1 bajo presi\u00f3n por el encarecimiento de fertilizantes, gasoil e insumos.<\/h2>\n\n\n\n<p>La campa\u00f1a agr\u00edcola 2025\/26 se encamina a un volumen r\u00e9cord de 163,395 millones de toneladas en los principales granos, con un incremento superior a los 20 millones respecto al ciclo anterior. El ma\u00edz aparece como el principal motor, mientras que el trigo muestra una recuperaci\u00f3n productiva en un contexto atravesado por lluvias frecuentes que demoraron la cosecha, pero favorecieron los rindes.<\/p>\n\n\n\n<p>El ingeniero agr\u00f3nomo y ex ministro de Producci\u00f3n de Corrientes, Jorge Vara, analiz\u00f3 el escenario y destac\u00f3 que\u00a0<em><strong>\u201clas expectativas son buenas porque llovi\u00f3 bien\u201d<\/strong><\/em>. En ese sentido, se\u00f1al\u00f3 que, pese a episodios de excesos h\u00eddricos en algunas regiones,\u00a0<em><strong>\u201cfueron mucho m\u00e1s los beneficios que los perjuicios\u201d<\/strong><\/em>.<\/p>\n\n\n\n<p>En t\u00e9rminos productivos, indic\u00f3 que&nbsp;<em><strong>\u201cen general en la regi\u00f3n central, en la regi\u00f3n pampeana h\u00fameda, esto lleva a muy buena cosecha\u201d<\/strong><\/em>, aunque advirti\u00f3 sobre el impacto de factores externos en los costos. \u201cVamos a ver porque los precios de los fertilizantes se dispararon por el tema del cierre del estrecho de Ormuz y el tema de la guerra\u201d, sostuvo.<\/p>\n\n\n\n<p>Vara remarc\u00f3 que algunos insumos registraron subas de hasta el 100%, a lo que se suma el encarecimiento del gasoil y la incorporaci\u00f3n de tecnolog\u00eda.&nbsp;<strong><em>\u201cTodo impacta en los costos de producci\u00f3n, adem\u00e1s que los costos de producci\u00f3n en Argentina est\u00e1n altos\u201d<\/em><\/strong>, afirm\u00f3.<\/p>\n\n\n\n<p>El dinamismo de la demanda internacional tambi\u00e9n impulsa el sector. Seg\u00fan estimaciones de la Bolsa de Comercio de Rosario, las exportaciones de granos podr\u00edan alcanzar un r\u00e9cord de 40 millones de toneladas en el primer cuatrimestre de 2026, con un incremento del 11% respecto a la marca previa.<\/p>\n\n\n\n<p>El ma\u00edz lidera este desempe\u00f1o, con una producci\u00f3n proyectada en 67,6 millones de toneladas, mientras que la soja alcanzar\u00eda las 49 millones. En tanto, el trigo se ubicar\u00eda en 27,9 millones de toneladas, consolidando uno de los mejores registros de la \u00faltima d\u00e9cada.<\/p>\n\n\n\n<p>Pese al escenario favorable en t\u00e9rminos productivos, Vara plante\u00f3 una advertencia sobre la rentabilidad:&nbsp;<em><strong>\u201cEst\u00e1 bien que el Gobierno est\u00e9 feliz por una cosecha r\u00e9cord, pero hay productores que no est\u00e1n tan contentos y preocupados porque los costos se est\u00e1n disparando\u201d<\/strong><\/em>.<\/p>\n\n\n\n<p>En esa l\u00ednea, concluy\u00f3:&nbsp;<strong><em>\u201cLa naturaleza nos dio mucho, pero estos rendimientos se logran a base de insumos que hoy se dispararon\u201d<\/em><\/strong>, y se\u00f1al\u00f3 que el contexto econ\u00f3mico genera incertidumbre de cara a la pr\u00f3xima siembra.<\/p>\n","protected":false},"excerpt":{"rendered":"<p>La campa\u00f1a 2025\/26 proyecta 163 millones de toneladas, con el ma\u00edz y la soja como principales motores. El ingeniero agr\u00f3nomo y ex ministro de la Porducci\u00f3n de Corrientes, Jorge Vara,&hellip; <\/p>\n","protected":false},"author":6,"featured_media":254746,"comment_status":"closed","ping_status":"open","sticky":false,"template":"","format":"standard","meta":{"footnotes":""},"categories":[20],"tags":[],"class_list":["post-254742","post","type-post","status-publish","format-standard","has-post-thumbnail","hentry","category-economia"],"_links":{"self":[{"href":"https:\/\/corrientesdetarde.com\/index.php\/wp-json\/wp\/v2\/posts\/254742","targetHints":{"allow":["GET"]}}],"collection":[{"href":"https:\/\/corrientesdetarde.com\/index.php\/wp-json\/wp\/v2\/posts"}],"about":[{"href":"https:\/\/corrientesdetarde.com\/index.php\/wp-json\/wp\/v2\/types\/post"}],"author":[{"embeddable":true,"href":"https:\/\/corrientesdetarde.com\/index.php\/wp-json\/wp\/v2\/users\/6"}],"replies":[{"embeddable":true,"href":"https:\/\/corrientesdetarde.com\/index.php\/wp-json\/wp\/v2\/comments?post=254742"}],"version-history":[{"count":1,"href":"https:\/\/corrientesdetarde.com\/index.php\/wp-json\/wp\/v2\/posts\/254742\/revisions"}],"predecessor-version":[{"id":254749,"href":"https:\/\/corrientesdetarde.com\/index.php\/wp-json\/wp\/v2\/posts\/254742\/revisions\/254749"}],"wp:featuredmedia":[{"embeddable":true,"href":"https:\/\/corrientesdetarde.com\/index.php\/wp-json\/wp\/v2\/media\/254746"}],"wp:attachment":[{"href":"https:\/\/corrientesdetarde.com\/index.php\/wp-json\/wp\/v2\/media?parent=254742"}],"wp:term":[{"taxonomy":"category","embeddable":true,"href":"https:\/\/corrientesdetarde.com\/index.php\/wp-json\/wp\/v2\/categories?post=254742"},{"taxonomy":"post_tag","embeddable":true,"href":"https:\/\/corrientesdetarde.com\/index.php\/wp-json\/wp\/v2\/tags?post=254742"}],"curies":[{"name":"wp","href":"https:\/\/api.w.org\/{rel}","templated":true}]}}