{"id":254743,"date":"2026-05-01T18:10:00","date_gmt":"2026-05-01T21:10:00","guid":{"rendered":"https:\/\/corrientesdetarde.com\/?p=254743"},"modified":"2026-05-01T19:11:50","modified_gmt":"2026-05-01T22:11:50","slug":"detuvieron-a-un-joven-por-un-homicidio-en-beron-de-astrada","status":"publish","type":"post","link":"https:\/\/corrientesdetarde.com\/index.php\/policiales\/detuvieron-a-un-joven-por-un-homicidio-en-beron-de-astrada\/","title":{"rendered":"Detuvieron a un joven por un homicidio en Ber\u00f3n de Astrada."},"content":{"rendered":"\n<h2 class=\"wp-block-heading\">La v\u00edctima, un hombre de 38 a\u00f1os, fue hallada sin vida en una zona rural con heridas de arma de fuego. La investigaci\u00f3n contin\u00faa para esclarecer el hecho.<\/h2>\n\n\n\n<p>La Polic\u00eda de Corrientes inform\u00f3 que el mi\u00e9rcoles detuvo a una persona vinculada a un homicidio ocurrido en la localidad de Ber\u00f3n de Astrada, donde adem\u00e1s se secuestraron elementos de relevancia para la causa.<\/p>\n\n\n\n<p>Las actuaciones comenzaron en la ma\u00f1ana del 29 de abril, luego de que efectivos fueran alertados sobre la presencia de un cuerpo en un sendero rural del Paraje Toro Pichay, en una zona de monte cercana a la Ruta Provincial N\u00b0 15.<\/p>\n\n\n\n<p>Al llegar al lugar, los uniformados constataron que se trataba de un hombre de 38 a\u00f1os. Una primera inspecci\u00f3n permiti\u00f3 determinar que presentaba heridas compatibles con impactos de arma de fuego, lo que orient\u00f3 la investigaci\u00f3n hacia un homicidio.<\/p>\n\n\n\n<p>En el marco de las diligencias llevadas adelante en conjunto con la Unidad Fiscal interviniente, se logr\u00f3 la aprehensi\u00f3n de un joven de 18 a\u00f1os, quien fue vinculado preliminarmente con el hecho.<\/p>\n\n\n\n<p>Durante el procedimiento, los efectivos secuestraron distintos elementos de inter\u00e9s para la causa, entre ellos un arma de aire comprimido, cartuchos de proyectiles, prendas de vestir y otros objetos personales que ser\u00e1n sometidos a pericias.<\/p>\n\n\n\n<p>El detenido y los elementos incautados fueron trasladados a la dependencia policial y quedaron a disposici\u00f3n de la Justicia. En tanto, las investigaciones contin\u00faan para determinar el m\u00f3vil del ataque y el grado de responsabilidad del sospechoso.<\/p>\n","protected":false},"excerpt":{"rendered":"<p>La v\u00edctima, un hombre de 38 a\u00f1os, fue hallada sin vida en una zona rural con heridas de arma de fuego. La investigaci\u00f3n contin\u00faa para esclarecer el hecho. La Polic\u00eda&hellip; <\/p>\n","protected":false},"author":6,"featured_media":254744,"comment_status":"closed","ping_status":"open","sticky":false,"template":"","format":"standard","meta":{"footnotes":""},"categories":[33],"tags":[],"class_list":["post-254743","post","type-post","status-publish","format-standard","has-post-thumbnail","hentry","category-policiales"],"_links":{"self":[{"href":"https:\/\/corrientesdetarde.com\/index.php\/wp-json\/wp\/v2\/posts\/254743","targetHints":{"allow":["GET"]}}],"collection":[{"href":"https:\/\/corrientesdetarde.com\/index.php\/wp-json\/wp\/v2\/posts"}],"about":[{"href":"https:\/\/corrientesdetarde.com\/index.php\/wp-json\/wp\/v2\/types\/post"}],"author":[{"embeddable":true,"href":"https:\/\/corrientesdetarde.com\/index.php\/wp-json\/wp\/v2\/users\/6"}],"replies":[{"embeddable":true,"href":"https:\/\/corrientesdetarde.com\/index.php\/wp-json\/wp\/v2\/comments?post=254743"}],"version-history":[{"count":1,"href":"https:\/\/corrientesdetarde.com\/index.php\/wp-json\/wp\/v2\/posts\/254743\/revisions"}],"predecessor-version":[{"id":254745,"href":"https:\/\/corrientesdetarde.com\/index.php\/wp-json\/wp\/v2\/posts\/254743\/revisions\/254745"}],"wp:featuredmedia":[{"embeddable":true,"href":"https:\/\/corrientesdetarde.com\/index.php\/wp-json\/wp\/v2\/media\/254744"}],"wp:attachment":[{"href":"https:\/\/corrientesdetarde.com\/index.php\/wp-json\/wp\/v2\/media?parent=254743"}],"wp:term":[{"taxonomy":"category","embeddable":true,"href":"https:\/\/corrientesdetarde.com\/index.php\/wp-json\/wp\/v2\/categories?post=254743"},{"taxonomy":"post_tag","embeddable":true,"href":"https:\/\/corrientesdetarde.com\/index.php\/wp-json\/wp\/v2\/tags?post=254743"}],"curies":[{"name":"wp","href":"https:\/\/api.w.org\/{rel}","templated":true}]}}