{"id":254747,"date":"2026-05-01T18:30:00","date_gmt":"2026-05-01T21:30:00","guid":{"rendered":"https:\/\/corrientesdetarde.com\/?p=254747"},"modified":"2026-05-01T19:16:20","modified_gmt":"2026-05-01T22:16:20","slug":"nueva-convocatoria-para-sumarse-al-cuerpo-de-guardaparques-nacionales","status":"publish","type":"post","link":"https:\/\/corrientesdetarde.com\/index.php\/destacados\/nueva-convocatoria-para-sumarse-al-cuerpo-de-guardaparques-nacionales\/","title":{"rendered":"Nueva convocatoria para sumarse al Cuerpo de Guardaparques Nacionales."},"content":{"rendered":"\n<h2 class=\"wp-block-heading\">Abrir\u00e1 el pr\u00f3ximo 12 de mayo y apunta a incorporar 40 nuevos agentes del Agrupamiento T\u00e9cnico.<\/h2>\n\n\n\n<p>La Administraci\u00f3n de Parques Nacionales (APN) lanz\u00f3 una nueva convocatoria de inscripci\u00f3n a concursos para el ingreso a nuestro Cuerpo de Guardaparques Nacionales, publicada hoy en el&nbsp;<a href=\"https:\/\/www.boletinoficial.gob.ar\/detalleAviso\/primera\/341364\/20260430\" target=\"_blank\" rel=\"noreferrer noopener\">Bolet\u00edn Oficial<\/a>.<\/p>\n\n\n\n<p>La convocatoria est\u00e1 destinada a incorporar 40 nuevos guardaparques al Agrupamiento T\u00e9cnico, cargos vacantes y financiados de la Planta Permanente bajo la Categor\u00eda Guardaparque GT-2. Las inscripciones estar\u00e1n abiertas&nbsp;<strong>entre el 12 de mayo a las 08:00 h. y el 2 de junio de 2026 a las 23:59 h<\/strong>.<\/p>\n\n\n\n<p>El&nbsp;<strong>guardaparque t\u00e9cnico<\/strong>&nbsp;debe estar en condiciones de realizar tareas operativas en el terreno; control y vigilancia en las \u00e1reas protegidas; fiscalizar actividades; atender y asistir a las personas que visitan o residen en las \u00e1reas protegidas; as\u00ed como participar en proyectos de investigaci\u00f3n, monitoreo ambiental, de extensi\u00f3n y de educaci\u00f3n ambiental, utilizando adecuadamente las herramientas necesarias.<\/p>\n\n\n\n<p>Entre los&nbsp;<strong>requisitos excluyentes para la inscripci\u00f3n<\/strong>&nbsp;se encuentran ser argentino nativo, por opci\u00f3n o naturalizado; tener entre 18 y 34 a\u00f1os al momento de la postulaci\u00f3n; aprobar todas las pruebas y etapas del proceso de selecci\u00f3n establecido en el Convenio Colectivo de Trabajo Sectorial del Cuerpo de Guardaparques Nacionales para el Agrupamiento T\u00e9cnico; y contar con t\u00edtulo de nivel terciario o universitario de pregrado reconocido oficialmente, correspondiente a carreras de duraci\u00f3n no inferior a dos a\u00f1os atinente a la funci\u00f3n o puesto a desarrollar.<\/p>\n\n\n\n<p>El proceso de selecci\u00f3n de agentes est\u00e1 organizado en 6 etapas, siendo necesario aprobar cada una para pasar a la siguiente:<\/p>\n\n\n\n<ul class=\"wp-block-list\">\n<li>Evaluaci\u00f3n de antecedentes de formaci\u00f3n y laborales<\/li>\n\n\n\n<li>Evaluaci\u00f3n t\u00e9cnica<\/li>\n\n\n\n<li>Evaluaci\u00f3n de habilidades pr\u00e1cticas<\/li>\n\n\n\n<li>Entrevista laboral<\/li>\n\n\n\n<li>Evaluaci\u00f3n del perfil psicol\u00f3gico<\/li>\n\n\n\n<li>Curso de habilitaci\u00f3n<\/li>\n<\/ul>\n\n\n\n<p>Se apunta de esta manera a dotar de recursos humanos al organismo encargado de la administraci\u00f3n de \u00e1reas protegidas nacionales en todo el pa\u00eds, con el fin de fortalecer la gesti\u00f3n y el manejo de estos sitios estrat\u00e9gicos para la conservaci\u00f3n de la biodiversidad y el disfrute de los visitantes.<\/p>\n\n\n\n<p>Por consultas, escribinos a&nbsp;<a href=\"mailto:personalrrhh@apn.gob.ar\">personalrrhh@apn.gob.ar<\/a>.<\/p>\n","protected":false},"excerpt":{"rendered":"<p>Abrir\u00e1 el pr\u00f3ximo 12 de mayo y apunta a incorporar 40 nuevos agentes del Agrupamiento T\u00e9cnico. La Administraci\u00f3n de Parques Nacionales (APN) lanz\u00f3 una nueva convocatoria de inscripci\u00f3n a concursos&hellip; <\/p>\n","protected":false},"author":6,"featured_media":254750,"comment_status":"closed","ping_status":"open","sticky":false,"template":"","format":"standard","meta":{"footnotes":""},"categories":[26],"tags":[],"class_list":["post-254747","post","type-post","status-publish","format-standard","has-post-thumbnail","hentry","category-destacados"],"_links":{"self":[{"href":"https:\/\/corrientesdetarde.com\/index.php\/wp-json\/wp\/v2\/posts\/254747","targetHints":{"allow":["GET"]}}],"collection":[{"href":"https:\/\/corrientesdetarde.com\/index.php\/wp-json\/wp\/v2\/posts"}],"about":[{"href":"https:\/\/corrientesdetarde.com\/index.php\/wp-json\/wp\/v2\/types\/post"}],"author":[{"embeddable":true,"href":"https:\/\/corrientesdetarde.com\/index.php\/wp-json\/wp\/v2\/users\/6"}],"replies":[{"embeddable":true,"href":"https:\/\/corrientesdetarde.com\/index.php\/wp-json\/wp\/v2\/comments?post=254747"}],"version-history":[{"count":1,"href":"https:\/\/corrientesdetarde.com\/index.php\/wp-json\/wp\/v2\/posts\/254747\/revisions"}],"predecessor-version":[{"id":254751,"href":"https:\/\/corrientesdetarde.com\/index.php\/wp-json\/wp\/v2\/posts\/254747\/revisions\/254751"}],"wp:featuredmedia":[{"embeddable":true,"href":"https:\/\/corrientesdetarde.com\/index.php\/wp-json\/wp\/v2\/media\/254750"}],"wp:attachment":[{"href":"https:\/\/corrientesdetarde.com\/index.php\/wp-json\/wp\/v2\/media?parent=254747"}],"wp:term":[{"taxonomy":"category","embeddable":true,"href":"https:\/\/corrientesdetarde.com\/index.php\/wp-json\/wp\/v2\/categories?post=254747"},{"taxonomy":"post_tag","embeddable":true,"href":"https:\/\/corrientesdetarde.com\/index.php\/wp-json\/wp\/v2\/tags?post=254747"}],"curies":[{"name":"wp","href":"https:\/\/api.w.org\/{rel}","templated":true}]}}