{"id":254748,"date":"2026-05-01T18:40:00","date_gmt":"2026-05-01T21:40:00","guid":{"rendered":"https:\/\/corrientesdetarde.com\/?p=254748"},"modified":"2026-05-01T19:18:04","modified_gmt":"2026-05-01T22:18:04","slug":"santo-tome-lanzo-el-programa-escuelas-que-reciclan","status":"publish","type":"post","link":"https:\/\/corrientesdetarde.com\/index.php\/destacados\/santo-tome-lanzo-el-programa-escuelas-que-reciclan\/","title":{"rendered":"Santo Tom\u00e9 lanz\u00f3 el programa &#8220;Escuelas que reciclan&#8221;."},"content":{"rendered":"\n<h2 class=\"wp-block-heading\">El lanzamiento oficial del programa &#8220;Escuelas que Reciclan&#8221;, iniciativa municipal que busca fortalecer la educaci\u00f3n ambiental y promover h\u00e1bitos sostenibles en la comunidad, se realiz\u00f3 el jueves en el CIC 1.<\/h2>\n\n\n\n<p>El lanzamiento oficial del programa &#8220;Escuelas que Reciclan&#8221;, iniciativa municipal que busca fortalecer la educaci\u00f3n ambiental y promover h\u00e1bitos sostenibles en la comunidad, se realiz\u00f3 el jueves en el CIC 1.<\/p>\n\n\n\n<p>El acto cont\u00f3 con la presencia del intendente Augusto Suaid, acompa\u00f1ado por estudiantes, docentes de distintas instituciones educativas, integrantes del Club de Abuelos Pami Renacer y representantes de diversas \u00e1reas municipales, en una jornada marcada por el compromiso colectivo con el cuidado del ambiente.<\/p>\n\n\n\n<p>El programa tiene como objetivo principal incentivar la recolecci\u00f3n de residuos pl\u00e1sticos en las escuelas, los cuales ser\u00e1n destinados a la planta de reciclado municipal. En este sentido, se trabajar\u00e1 especialmente con alumnos de cuarto grado del nivel primario y cuarto a\u00f1o del nivel secundario, quienes tendr\u00e1n un rol activo en la recolecci\u00f3n, clasificaci\u00f3n y concientizaci\u00f3n dentro de sus comunidades educativas.<\/p>\n\n\n\n<p>Entre los materiales a recolectar se encuentran botellas PET, envases, tapitas y bidones, que deber\u00e1n ser entregados limpios y secos. El municipio, por su parte, ser\u00e1 el encargado de proveer los recolectores, coordinar el retiro de los residuos y brindar charlas educativas que acompa\u00f1en el proceso.<\/p>\n\n\n\n<p>La iniciativa propone una articulaci\u00f3n directa entre el sistema educativo y el Estado local, promoviendo que los estudiantes se conviertan en agentes multiplicadores de conciencia ambiental en sus hogares y barrios. Asimismo, el programa se integra con la planta de reciclado municipal, generando un circuito sustentable que permite transformar los residuos en recursos.<\/p>\n\n\n\n<p>&#8220;Escuelas que Reciclan&#8221; se enmarca en una visi\u00f3n de desarrollo sostenible, alineada con los Objetivos de Desarrollo Sostenible impulsados por la ONU, promoviendo la educaci\u00f3n de calidad, el consumo responsable y la construcci\u00f3n de comunidades m\u00e1s limpias y comprometidas con su entorno.<\/p>\n\n\n\n<p>Con este lanzamiento, Santo Tom\u00e9 da un paso m\u00e1s en la consolidaci\u00f3n de pol\u00edticas p\u00fablicas orientadas al cuidado ambiental, apostando a la educaci\u00f3n como motor de cambio y al trabajo conjunto como camino para construir una ciudad m\u00e1s consciente y sustentable.<\/p>\n","protected":false},"excerpt":{"rendered":"<p>El lanzamiento oficial del programa &#8220;Escuelas que Reciclan&#8221;, iniciativa municipal que busca fortalecer la educaci\u00f3n ambiental y promover h\u00e1bitos sostenibles en la comunidad, se realiz\u00f3 el jueves en el CIC&hellip; <\/p>\n","protected":false},"author":6,"featured_media":254752,"comment_status":"closed","ping_status":"open","sticky":false,"template":"","format":"standard","meta":{"footnotes":""},"categories":[26],"tags":[],"class_list":["post-254748","post","type-post","status-publish","format-standard","has-post-thumbnail","hentry","category-destacados"],"_links":{"self":[{"href":"https:\/\/corrientesdetarde.com\/index.php\/wp-json\/wp\/v2\/posts\/254748","targetHints":{"allow":["GET"]}}],"collection":[{"href":"https:\/\/corrientesdetarde.com\/index.php\/wp-json\/wp\/v2\/posts"}],"about":[{"href":"https:\/\/corrientesdetarde.com\/index.php\/wp-json\/wp\/v2\/types\/post"}],"author":[{"embeddable":true,"href":"https:\/\/corrientesdetarde.com\/index.php\/wp-json\/wp\/v2\/users\/6"}],"replies":[{"embeddable":true,"href":"https:\/\/corrientesdetarde.com\/index.php\/wp-json\/wp\/v2\/comments?post=254748"}],"version-history":[{"count":1,"href":"https:\/\/corrientesdetarde.com\/index.php\/wp-json\/wp\/v2\/posts\/254748\/revisions"}],"predecessor-version":[{"id":254755,"href":"https:\/\/corrientesdetarde.com\/index.php\/wp-json\/wp\/v2\/posts\/254748\/revisions\/254755"}],"wp:featuredmedia":[{"embeddable":true,"href":"https:\/\/corrientesdetarde.com\/index.php\/wp-json\/wp\/v2\/media\/254752"}],"wp:attachment":[{"href":"https:\/\/corrientesdetarde.com\/index.php\/wp-json\/wp\/v2\/media?parent=254748"}],"wp:term":[{"taxonomy":"category","embeddable":true,"href":"https:\/\/corrientesdetarde.com\/index.php\/wp-json\/wp\/v2\/categories?post=254748"},{"taxonomy":"post_tag","embeddable":true,"href":"https:\/\/corrientesdetarde.com\/index.php\/wp-json\/wp\/v2\/tags?post=254748"}],"curies":[{"name":"wp","href":"https:\/\/api.w.org\/{rel}","templated":true}]}}