{"id":254753,"date":"2026-05-01T18:50:00","date_gmt":"2026-05-01T21:50:00","guid":{"rendered":"https:\/\/corrientesdetarde.com\/?p=254753"},"modified":"2026-05-01T19:32:53","modified_gmt":"2026-05-01T22:32:53","slug":"emilia-mernes-anuncio-que-lanzara-una-nueva-colaboracion-con-zara-larsson","status":"publish","type":"post","link":"https:\/\/corrientesdetarde.com\/index.php\/espectaculos\/emilia-mernes-anuncio-que-lanzara-una-nueva-colaboracion-con-zara-larsson\/","title":{"rendered":"Emilia Mernes anunci\u00f3 que lanzar\u00e1 una nueva colaboraci\u00f3n con Zara Larsson."},"content":{"rendered":"\n<h2 class=\"wp-block-heading\">Frente al mar, se fotografi\u00f3 con modelos de tops transl\u00facidos y minifaldas con volados.<\/h2>\n\n\n\n<p><strong>Emilia Mernes<\/strong>\u00a0se encuentra disfrutando de unos d\u00edas de\u00a0<em>relax\u00a0<\/em>en Miami con amigos, pero sin descuidar su carrera. La entrerriana acaba de anunciar su<strong>\u00a0nueva canci\u00f3n en colaboraci\u00f3n con la artista sueca Zara Larsson<\/strong>\u00a0y lo hizo con dos looks de playa de\u00a0<strong>est\u00e9tica et\u00e9rea y rom\u00e1ntica.<\/strong><\/p>\n\n\n\n<p>Junto al mar, se fotografi\u00f3 con dos conjuntos que combinan la audacia de las transparencias con elementos inspirados en la naturaleza. Primero, mostr\u00f3 uno\u00a0<em><strong>nude\u00a0<\/strong><\/em>de\u00a0<strong>top en forma de mariposa<\/strong>, transl\u00facido y con detalles metalizados color oro.<\/p>\n\n\n\n<figure class=\"wp-block-image size-large\"><img loading=\"lazy\" decoding=\"async\" width=\"768\" height=\"1024\" src=\"https:\/\/corrientesdetarde.com\/wp-content\/uploads\/2026\/05\/image-17-768x1024.png\" alt=\"\" class=\"wp-image-254757\" srcset=\"https:\/\/corrientesdetarde.com\/wp-content\/uploads\/2026\/05\/image-17-768x1024.png 768w, https:\/\/corrientesdetarde.com\/wp-content\/uploads\/2026\/05\/image-17-225x300.png 225w, https:\/\/corrientesdetarde.com\/wp-content\/uploads\/2026\/05\/image-17-1152x1536.png 1152w, https:\/\/corrientesdetarde.com\/wp-content\/uploads\/2026\/05\/image-17.png 1440w\" sizes=\"auto, (max-width: 768px) 100vw, 768px\" \/><\/figure>\n\n\n\n<p>Lo combin\u00f3 con una\u00a0<strong>mini blanca con volados y pliegues<\/strong>. El\u00a0<em>beauty look<\/em>, fiel a su estilo, incluy\u00f3\u00a0<strong>sombras rosas, rubor y\u00a0<\/strong><em><strong>gloss\u00a0<\/strong><\/em><strong>en los labios<\/strong>. Complet\u00f3 el estilismo con el\u00a0<strong>pelo suelto y lacio<\/strong>, peinado con raya al medio y al viento.<\/p>\n\n\n\n<p>Despu\u00e9s, pos\u00f3 con un conjunto similar pero en\u00a0<strong>rosa<\/strong>. El\u00a0<strong>corset<\/strong>, transl\u00facido, tiene\u00a0<strong>apliques de flores al tono.<\/strong>\u00a0La minifalda, asim\u00e9trica, se destaca por las\u00a0<strong>peque\u00f1as capas que aportan volumen<\/strong>\u00a0y est\u00e1 adornada con un\u00a0<strong>cinto de cadena met\u00e1lica plateada y brillos rosas.<\/strong><\/p>\n\n\n\n<p>En el perfil del posteo que hizo en Instagram, la cantante anunci\u00f3 que su nueva colaboraci\u00f3n,&nbsp;<em><strong>Girl\u2019s Girl<\/strong><\/em>, ya est\u00e1 disponible, y sus seguidores le demostraron su apoyo.&nbsp;<strong>\u201cQu\u00e9 hermosa\u201d, \u201cMi girl favorita siempre\u201d y \u201cTodo bien hac\u00e9s\u201d<\/strong>&nbsp;son solo algunos de los comentarios que se pueden leer.<\/p>\n\n\n\n<figure class=\"wp-block-image\"><img decoding=\"async\" src=\"https:\/\/tn.com.ar\/resizer\/v2\/emilia-mernes-combino-un-top-floral-con-una-falda-asimetrica-foto-instagramemiliamernes-VXOSWH47UBE3VJG2HUFS5UTABE.jpg?auth=76f60ba37f7b8f482b6dcfc8a56778cfb42396fdad5258c7e47109215def4e8e&amp;width=767\" alt=\"Emilia Mernes combin\u00f3 un top floral con una falda asim\u00e9trica. (Foto: Instagram\/@emiliamernes)\"\/><figcaption class=\"wp-element-caption\">Emilia Mernes combin\u00f3 un top floral con una falda asim\u00e9trica. (Foto: Instagram\/@emiliamernes)<\/figcaption><\/figure>\n","protected":false},"excerpt":{"rendered":"<p>Frente al mar, se fotografi\u00f3 con modelos de tops transl\u00facidos y minifaldas con volados. Emilia Mernes\u00a0se encuentra disfrutando de unos d\u00edas de\u00a0relax\u00a0en Miami con amigos, pero sin descuidar su carrera.&hellip; <\/p>\n","protected":false},"author":6,"featured_media":254756,"comment_status":"closed","ping_status":"open","sticky":false,"template":"","format":"standard","meta":{"footnotes":""},"categories":[19],"tags":[],"class_list":["post-254753","post","type-post","status-publish","format-standard","has-post-thumbnail","hentry","category-espectaculos"],"_links":{"self":[{"href":"https:\/\/corrientesdetarde.com\/index.php\/wp-json\/wp\/v2\/posts\/254753","targetHints":{"allow":["GET"]}}],"collection":[{"href":"https:\/\/corrientesdetarde.com\/index.php\/wp-json\/wp\/v2\/posts"}],"about":[{"href":"https:\/\/corrientesdetarde.com\/index.php\/wp-json\/wp\/v2\/types\/post"}],"author":[{"embeddable":true,"href":"https:\/\/corrientesdetarde.com\/index.php\/wp-json\/wp\/v2\/users\/6"}],"replies":[{"embeddable":true,"href":"https:\/\/corrientesdetarde.com\/index.php\/wp-json\/wp\/v2\/comments?post=254753"}],"version-history":[{"count":1,"href":"https:\/\/corrientesdetarde.com\/index.php\/wp-json\/wp\/v2\/posts\/254753\/revisions"}],"predecessor-version":[{"id":254758,"href":"https:\/\/corrientesdetarde.com\/index.php\/wp-json\/wp\/v2\/posts\/254753\/revisions\/254758"}],"wp:featuredmedia":[{"embeddable":true,"href":"https:\/\/corrientesdetarde.com\/index.php\/wp-json\/wp\/v2\/media\/254756"}],"wp:attachment":[{"href":"https:\/\/corrientesdetarde.com\/index.php\/wp-json\/wp\/v2\/media?parent=254753"}],"wp:term":[{"taxonomy":"category","embeddable":true,"href":"https:\/\/corrientesdetarde.com\/index.php\/wp-json\/wp\/v2\/categories?post=254753"},{"taxonomy":"post_tag","embeddable":true,"href":"https:\/\/corrientesdetarde.com\/index.php\/wp-json\/wp\/v2\/tags?post=254753"}],"curies":[{"name":"wp","href":"https:\/\/api.w.org\/{rel}","templated":true}]}}