{"id":254761,"date":"2026-05-01T19:10:00","date_gmt":"2026-05-01T22:10:00","guid":{"rendered":"https:\/\/corrientesdetarde.com\/?p=254761"},"modified":"2026-05-01T19:38:11","modified_gmt":"2026-05-01T22:38:11","slug":"disturbios-en-chile-por-el-dia-del-trabajador","status":"publish","type":"post","link":"https:\/\/corrientesdetarde.com\/index.php\/internacionales\/disturbios-en-chile-por-el-dia-del-trabajador\/","title":{"rendered":"Disturbios en Chile por el D\u00eda del Trabajador."},"content":{"rendered":"\n<h2 class=\"wp-block-heading\">Las movilizaciones quedaron marcadas por cuestionamientos al gobierno de Jos\u00e9 Antonio Kast, una dura represi\u00f3n policial y cierres de estaciones del Metro.<\/h2>\n\n\n\n<p>La polic\u00eda de\u00a0<strong>Chile<\/strong>\u00a0realiz\u00f3 varias\u00a0<strong>detenciones<\/strong>\u00a0este mi\u00e9rcoles en medio de\u00a0<strong>enfrentamientos con manifestantes<\/strong>\u00a0durante las\u00a0<strong>marchas por el D\u00eda Internacional del Trabajo,<\/strong>\u00a0en una jornada marcada por tensiones pol\u00edticas y sociales en el inicio del gobierno del presidente\u00a0<strong>Jos\u00e9 Antonio Kast<\/strong>, que asumi\u00f3 el pasado 11 de marzo.<\/p>\n\n\n\n<p>Los incidentes m\u00e1s graves se registraron en los alrededores de la Universidad de Santiago, donde<strong>\u00a0grupos encapuchados vinculados a la Central Clasista de Trabajadores arrojaron piedras, palos y pirotecnia contra efectivos policiales.<\/strong>\u00a0Las fuerzas del orden respondieron con el uso de<strong>\u00a0gases lacrim\u00f3genos y camiones hidrantes<\/strong>\u00a0para dispersar a los manifestantes.<\/p>\n\n\n\n<p>Carabineros inform\u00f3 adem\u00e1s sobre&nbsp;<strong>disturbios<\/strong>&nbsp;en distintos puntos de la Alameda, una de las principales arterias de la capital, lo queoblig\u00f3 al<strong>&nbsp;cierre de varias estaciones del Metro de Santiago,<\/strong>&nbsp;afectando a miles de usuarios. Entre las estaciones clausuradas se encuentran Universidad de Santiago, Estaci\u00f3n Central y Los H\u00e9roes, entre otras. Tambi\u00e9n se report\u00f3 que un hombre sufri\u00f3 una descompensaci\u00f3n durante la marcha y debi\u00f3 ser trasladado a un centro asistencial.<\/p>\n\n\n\n<p>Las autoridades todav\u00eda no brindaron datos oficiales de la participaci\u00f3n ni del n\u00famero de detenidos.<\/p>\n\n\n\n<p>En paralelo,&nbsp;<strong>la Central Unitaria de Trabajadores (CUT), la principal central sindical del pa\u00eds, realiz\u00f3 una movilizaci\u00f3n separada que transcurri\u00f3 sin incidentes.&nbsp;<\/strong>Su secretario general, Eric Campos, critic\u00f3 duramente las reformas econ\u00f3micas impulsadas por el gobierno, al considerar que responden a una \u201cideolog\u00eda que fracas\u00f3\u201d.<\/p>\n\n\n\n<figure class=\"wp-block-image\"><img decoding=\"async\" src=\"https:\/\/tn.com.ar\/resizer\/v2\/un-manifestante-lanza-piedras-contra-la-policia-antidisturbios-durante-una-marcha-organizada-por-sindicatos-y-organizaciones-sociales-con-motivo-del-primero-de-mayo-dia-internacional-de-los-trabajadores-en-santiago-el-1-de-mayo-de-2026-foto-de-rodrigo-arangua-afp-LVZJRKBRQVFEFPZFRREVK6TNG4.jpg?auth=c195a50033a5069724e8f64c28e0a3bc235e41d3f9684641b3c9eaa82a0ee3f2&amp;width=767\" alt=\"Un manifestante lanza piedras contra la polic\u00eda antidisturbios durante una marcha organizada por sindicatos y organizaciones sociales con motivo del Primero de Mayo, D\u00eda Internacional de los Trabajadores, en Santiago, el 1 de mayo de 2026. (Foto de Rodrigo ARANGUA \/ AFP)\"\/><figcaption class=\"wp-element-caption\">Un manifestante lanza piedras contra la polic\u00eda antidisturbios durante una marcha organizada por sindicatos y organizaciones sociales con motivo del Primero de Mayo, D\u00eda Internacional de los Trabajadores, en Santiago, el 1 de mayo de 2026. (Foto de Rodrigo ARANGUA \/ AFP)<\/figcaption><\/figure>\n\n\n\n<p>El presidente Kast defendi\u00f3 su agenda econ\u00f3mica \u2014que incluye una rebaja del impuesto corporativo del 27% al 23% y ajustes fiscales\u2014 al sostener que busca romper el \u201cciclo de estancamiento\u201d de la econom\u00eda chilena. Sin embargo, sectores de izquierda advierten que estas medidas beneficiar\u00e1n principalmente a los sectores de mayores ingresos.<\/p>\n\n\n\n<p>Durante una actividad oficial este viernes,\u00a0<strong>Kast hizo un llamado a manifestarse de forma pac\u00edfica y a \u201caislar a los violentistas\u201d<\/strong>, subrayando la necesidad de proteger la infraestructura p\u00fablica y privada. Adem\u00e1s, expres\u00f3 preocupaci\u00f3n por la situaci\u00f3n laboral, al se\u00f1alar que m\u00e1s de 900.000 personas en Chile no cuentan con empleo formal, afectando especialmente a mujeres y j\u00f3venes.<\/p>\n","protected":false},"excerpt":{"rendered":"<p>Las movilizaciones quedaron marcadas por cuestionamientos al gobierno de Jos\u00e9 Antonio Kast, una dura represi\u00f3n policial y cierres de estaciones del Metro. La polic\u00eda de\u00a0Chile\u00a0realiz\u00f3 varias\u00a0detenciones\u00a0este mi\u00e9rcoles en medio de\u00a0enfrentamientos&hellip; <\/p>\n","protected":false},"author":6,"featured_media":254762,"comment_status":"closed","ping_status":"open","sticky":false,"template":"","format":"standard","meta":{"footnotes":""},"categories":[11],"tags":[],"class_list":["post-254761","post","type-post","status-publish","format-standard","has-post-thumbnail","hentry","category-internacionales"],"_links":{"self":[{"href":"https:\/\/corrientesdetarde.com\/index.php\/wp-json\/wp\/v2\/posts\/254761","targetHints":{"allow":["GET"]}}],"collection":[{"href":"https:\/\/corrientesdetarde.com\/index.php\/wp-json\/wp\/v2\/posts"}],"about":[{"href":"https:\/\/corrientesdetarde.com\/index.php\/wp-json\/wp\/v2\/types\/post"}],"author":[{"embeddable":true,"href":"https:\/\/corrientesdetarde.com\/index.php\/wp-json\/wp\/v2\/users\/6"}],"replies":[{"embeddable":true,"href":"https:\/\/corrientesdetarde.com\/index.php\/wp-json\/wp\/v2\/comments?post=254761"}],"version-history":[{"count":1,"href":"https:\/\/corrientesdetarde.com\/index.php\/wp-json\/wp\/v2\/posts\/254761\/revisions"}],"predecessor-version":[{"id":254764,"href":"https:\/\/corrientesdetarde.com\/index.php\/wp-json\/wp\/v2\/posts\/254761\/revisions\/254764"}],"wp:featuredmedia":[{"embeddable":true,"href":"https:\/\/corrientesdetarde.com\/index.php\/wp-json\/wp\/v2\/media\/254762"}],"wp:attachment":[{"href":"https:\/\/corrientesdetarde.com\/index.php\/wp-json\/wp\/v2\/media?parent=254761"}],"wp:term":[{"taxonomy":"category","embeddable":true,"href":"https:\/\/corrientesdetarde.com\/index.php\/wp-json\/wp\/v2\/categories?post=254761"},{"taxonomy":"post_tag","embeddable":true,"href":"https:\/\/corrientesdetarde.com\/index.php\/wp-json\/wp\/v2\/tags?post=254761"}],"curies":[{"name":"wp","href":"https:\/\/api.w.org\/{rel}","templated":true}]}}