{"id":254763,"date":"2026-05-01T19:20:00","date_gmt":"2026-05-01T22:20:00","guid":{"rendered":"https:\/\/corrientesdetarde.com\/?p=254763"},"modified":"2026-05-01T19:40:07","modified_gmt":"2026-05-01T22:40:07","slug":"distintos-sectores-del-peronismo-se-reunieron-en-parque-norte-para-discutir-un-nuevo-liderazgo","status":"publish","type":"post","link":"https:\/\/corrientesdetarde.com\/index.php\/politica\/distintos-sectores-del-peronismo-se-reunieron-en-parque-norte-para-discutir-un-nuevo-liderazgo\/","title":{"rendered":"Distintos sectores del peronismo se reunieron en Parque Norte para discutir un nuevo liderazgo."},"content":{"rendered":"\n<h2 class=\"wp-block-heading\">\u201cPrimero las ideas\u201d, fue la consigna del encuentro que busc\u00f3 priorizar la construcci\u00f3n de una alternativa pol\u00edtica a la imposici\u00f3n de candidaturas rumbo al 2027. Participaron intendentes y legisladores de todo el pa\u00eds.<\/h2>\n\n\n\n<p>Este viernes se realiz\u00f3 una amplia convocatoria de distintos sectores del peronismo en Parque Norte, que tuvo la particularidad de que\u00a0<strong>no participaron institucionalmente ni La C\u00e1mpora, ni el espacio del gobernador bonaerense Axel Kicillof,<\/strong>\u00a0ni el Frente Renovador de Sergio Massa. La ausencias no fueron casualidad: la consigna del evento fue \u201cPrimero las ideas\u201d, con la intenci\u00f3n de\u00a0<strong>enfrentar al Gobierno de Javier Milei\u00a0<\/strong>sin poner \u00e9nfasis en los nombres propios.<\/p>\n\n\n\n<p>El evento tuvo una fuerte impronta federal y una amplia participaci\u00f3n de dirigentes y militantes de todo el pa\u00eds, m\u00e1s de cuatro mil participantes. Entre ellos\u00a0<strong>20 legisladores nacionales y 70 intendentes<\/strong>. La jornada dej\u00f3 una se\u00f1al pol\u00edtica clara: la necesidad de avanzar en la construcci\u00f3n de un peronismo con base territorial, representativo de la Argentina productiva y con protagonismo de las provincias, descentrando el debate pol\u00edtico de la l\u00f3gica del AMBA.<\/p>\n\n\n\n<p>\u201cCon este encuentro queremos poner en discusi\u00f3n los valores que el peronismo debe representar: el federalismo, la producci\u00f3n, el trabajo y, sobre todo, la mejora concreta en la vida de la gente\u201d, se\u00f1al\u00f3 el diputado nacional Guillermo Michel.<\/p>\n\n\n\n<p>\u201cMilei no est\u00e1 buscando poner en pr\u00e1ctica un programa econ\u00f3mico, est\u00e1 imponiendo un modelo social con una fuerte desigualdad, sin industria y sin clase media. Nosotros&nbsp;<strong>creemos en el super\u00e1vit, pero no el trucho de Javier Milei sino el de N\u00e9stor<\/strong>&nbsp;con la econom\u00eda creciendo y generando puestos de trabajo\u201d, remarc\u00f3.<\/p>\n\n\n\n<figure class=\"wp-block-image\"><img decoding=\"async\" src=\"https:\/\/tn.com.ar\/resizer\/v2\/estuvieron-presentes-los-diputados-nacionales-guillermo-michel-y-victoria-tolosa-paz-foto-union-por-la-patria-4CWSV665AJCARBPGDLZFJIASSE.jpeg?auth=29afbb8501dce16f39f852a89580d23a0fee60c8b4f1f8e50ca9bd25fb0dc585&amp;width=767\" alt=\"Estuvieron presentes los diputados nacionales Guillermo Michel y Victoria Tolosa Paz. (Foto: Uni\u00f3n por la Patria)\"\/><figcaption class=\"wp-element-caption\">Estuvieron presentes los diputados nacionales Guillermo Michel y Victoria Tolosa Paz. (Foto: Uni\u00f3n por la Patria)<\/figcaption><\/figure>\n\n\n\n<p>Por su parte, la diputada nacional Victoria Tolosa Paz afirm\u00f3 que el encuentro de este viernes \u201cdebe ser una piedra fundacional para reconstruir una alternativa en la Argentina\u201d. Tambi\u00e9n cuestion\u00f3 la pol\u00edtica laboral del gobierno nacional: \u201cHay millones de argentinos esperando pan, trabajo, esperanza y futuro. Hay que&nbsp;<strong>construir un peronismo que convoque, debata y genere nuevos liderazgos<\/strong>, que vuelva a ser una esperanza concreta y una alternativa de gobierno\u201d.<\/p>\n\n\n\n<p>En la misma l\u00ednea, el senador nacional por Santa Fe Marcelo Lewandowski sostuvo: \u201cEl peronismo debe volver a ser una fuerza transformadora, con&nbsp;<strong>menos l\u00f3gica de escritorio y m\u00e1s presencia en el territorio<\/strong>\u201d. Lo propio hizo el Auditor General de la Naci\u00f3n, Juan Manuel Olmos: \u201cHay que&nbsp;<strong>discutir mucho de las ideas, poco de las cosas y nada de las personas<\/strong>. Esto no es en contra de ning\u00fan compa\u00f1ero ni ninguna compa\u00f1era, es un proceso colectivo de debate transversal y federal\u201d.<\/p>\n\n\n\n<p>El encuentro<strong>&nbsp;no tuvo como objetivo la definici\u00f3n de candidaturas,&nbsp;<\/strong>sino la apertura de un proceso de discusi\u00f3n profunda sobre el rumbo del peronismo, con eje en la elaboraci\u00f3n de un programa con las miradas de las provincias que d\u00e9 respuestas a los desaf\u00edos actuales del pa\u00eds y que el peronismo tiene que proponerle a la sociedad. La convocatoria reuni\u00f3 a dirigentes de todas las regiones del pa\u00eds.<\/p>\n\n\n\n<figure class=\"wp-block-image\"><img decoding=\"async\" src=\"https:\/\/tn.com.ar\/resizer\/v2\/participaron-mas-de-4-mil-dirigentes-de-todo-el-pais-foto-union-por-la-patria-2A4VFVZJDZHJXECNDIASOSWIR4.jpeg?auth=c9e7f77a1128eb00cad104982bbd2b9d1e6564fb69b3cf56de8f415acc2c5cdb&amp;width=767\" alt=\"Participaron m\u00e1s de 4 mil dirigentes de todo el pa\u00eds. (Foto: Uni\u00f3n por la Patria)\"\/><figcaption class=\"wp-element-caption\">Participaron m\u00e1s de 4 mil dirigentes de todo el pa\u00eds. (Foto: Uni\u00f3n por la Patria)<\/figcaption><\/figure>\n\n\n\n<p>En ese sentido, los organizadores remarcaron que el objetivo es avanzar en la construcci\u00f3n de un nuevo programa pol\u00edtico, con \u201capertura doctrinaria y capacidad de s\u00edntesis,&nbsp;<strong>que permita superar la fragmentaci\u00f3n interna<\/strong>&nbsp;y recuperar la representaci\u00f3n de las mayor\u00edas\u201d. Tambi\u00e9n se plante\u00f3 la necesidad de consolidar un espacio con identidad federal, que exprese a gobernadores, intendentes, legisladores y dirigentes territoriales, y que&nbsp;<strong>contribuya a ordenar al peronismo a partir de ideas<\/strong>, propuestas y m\u00e9todo, antes que de liderazgos individuales.<\/p>\n\n\n\n<p>Los participantes coincidieron en que \u201cel peronismo tiene la responsabilidad de volver a ser protagonista en la reconstrucci\u00f3n econ\u00f3mica y social de la Argentina\u201d. El encuentro dej\u00f3 un mensaje claro: la reconstrucci\u00f3n de una alternativa nacional empieza por las ideas, con una mirada federal, productiva y con vocaci\u00f3n de representar a las grandes mayor\u00edas.<\/p>\n\n\n\n<p>Si bien no participaron institucionalmente los partidos que componen el amplio espectro del peronismo, s\u00ed lo hizo el legislador porte\u00f1o, Claudio Ferre\u00f1o, Presidente del Partido del Trabajo y la Equidad (ParTE), acompa\u00f1ado por el referente de ParTE en CABA, Luis Sanvitale\u201d.<\/p>\n","protected":false},"excerpt":{"rendered":"<p>\u201cPrimero las ideas\u201d, fue la consigna del encuentro que busc\u00f3 priorizar la construcci\u00f3n de una alternativa pol\u00edtica a la imposici\u00f3n de candidaturas rumbo al 2027. Participaron intendentes y legisladores de&hellip; <\/p>\n","protected":false},"author":6,"featured_media":254765,"comment_status":"closed","ping_status":"open","sticky":false,"template":"","format":"standard","meta":{"footnotes":""},"categories":[3],"tags":[],"class_list":["post-254763","post","type-post","status-publish","format-standard","has-post-thumbnail","hentry","category-politica"],"_links":{"self":[{"href":"https:\/\/corrientesdetarde.com\/index.php\/wp-json\/wp\/v2\/posts\/254763","targetHints":{"allow":["GET"]}}],"collection":[{"href":"https:\/\/corrientesdetarde.com\/index.php\/wp-json\/wp\/v2\/posts"}],"about":[{"href":"https:\/\/corrientesdetarde.com\/index.php\/wp-json\/wp\/v2\/types\/post"}],"author":[{"embeddable":true,"href":"https:\/\/corrientesdetarde.com\/index.php\/wp-json\/wp\/v2\/users\/6"}],"replies":[{"embeddable":true,"href":"https:\/\/corrientesdetarde.com\/index.php\/wp-json\/wp\/v2\/comments?post=254763"}],"version-history":[{"count":1,"href":"https:\/\/corrientesdetarde.com\/index.php\/wp-json\/wp\/v2\/posts\/254763\/revisions"}],"predecessor-version":[{"id":254767,"href":"https:\/\/corrientesdetarde.com\/index.php\/wp-json\/wp\/v2\/posts\/254763\/revisions\/254767"}],"wp:featuredmedia":[{"embeddable":true,"href":"https:\/\/corrientesdetarde.com\/index.php\/wp-json\/wp\/v2\/media\/254765"}],"wp:attachment":[{"href":"https:\/\/corrientesdetarde.com\/index.php\/wp-json\/wp\/v2\/media?parent=254763"}],"wp:term":[{"taxonomy":"category","embeddable":true,"href":"https:\/\/corrientesdetarde.com\/index.php\/wp-json\/wp\/v2\/categories?post=254763"},{"taxonomy":"post_tag","embeddable":true,"href":"https:\/\/corrientesdetarde.com\/index.php\/wp-json\/wp\/v2\/tags?post=254763"}],"curies":[{"name":"wp","href":"https:\/\/api.w.org\/{rel}","templated":true}]}}