{"id":254766,"date":"2026-05-01T19:30:00","date_gmt":"2026-05-01T22:30:00","guid":{"rendered":"https:\/\/corrientesdetarde.com\/?p=254766"},"modified":"2026-05-01T19:42:14","modified_gmt":"2026-05-01T22:42:14","slug":"un-sargento-del-ejercito-murio-durante-una-practica-de-buceo-en-santa-fe","status":"publish","type":"post","link":"https:\/\/corrientesdetarde.com\/index.php\/policiales\/un-sargento-del-ejercito-murio-durante-una-practica-de-buceo-en-santa-fe\/","title":{"rendered":"Un sargento del Ej\u00e9rcito muri\u00f3 durante una pr\u00e1ctica de buceo en Santa Fe."},"content":{"rendered":"\n<h2 class=\"wp-block-heading\">Diego Gonzalo Fr\u00edas, de 38 a\u00f1os, falleci\u00f3 por una falla multiorg\u00e1nica tras ser internado en grave estado. El incidente ocurri\u00f3 en el Batall\u00f3n de Ingenieros Anfibios 121 de la ciudad de Santo Tom\u00e9.<\/h2>\n\n\n\n<p>Un\u00a0<strong>sargento del Ej\u00e9rcito Argentino<\/strong>\u00a0muri\u00f3 este jueves en el Batall\u00f3n de Ingenieros Anfibios 121 de la ciudad de\u00a0<strong>Santo Tom\u00e9,\u00a0<\/strong>provincia de Santa Fe. El hecho ocurri\u00f3 cerca de las 12:20, durante una jornada de ejercicios para buzo junto a otros efectivos.<\/p>\n\n\n\n<p>Seg\u00fan informaron fuentes policiales de la\u00a0<strong>Unidad Regional I<\/strong>, la v\u00edctima fue identificada como\u00a0<strong>Diego Gonzalo Fr\u00edas<\/strong>, de 38 a\u00f1os y de Buenos Aires.<\/p>\n\n\n\n<p>Seg\u00fan inform\u00f3 el diario&nbsp;<em>El Litoral,&nbsp;<\/em>el militar sufri\u00f3 un paro cardiorrespiratorio durante la actividad. Tras el incidente, Fr\u00edas fue asistido en el lugar y trasladado r\u00e1pidamente al&nbsp;<strong>Hospital Jos\u00e9 Mar\u00eda Cullen<\/strong>&nbsp;de la ciudad de Santa Fe.<\/p>\n\n\n\n<figure class=\"wp-block-image\"><img decoding=\"async\" src=\"https:\/\/tn.com.ar\/resizer\/v2\/frias-fue-trasladado-de-emergencia-al-hospital-jose-maria-cullen-pero-fallecio-horas-despues-debido-a-una-falla-multiorganica-foto-gentileza-aire-digital-HPZCLE6LOZFDTNNJKHURRPOPFM.webp?auth=fb5525627d0c11d9816a4695d64c4b28b2b70bdc5a2b236ccff64538e0686209&amp;width=767\" alt=\"Fr\u00edas fue trasladado de emergencia al Hospital Jos\u00e9 Mar\u00eda Cullen, pero falleci\u00f3 horas despu\u00e9s debido a una falla multiorg\u00e1nica. (Foto: gentileza Aire Digital.)\"\/><figcaption class=\"wp-element-caption\">Fr\u00edas fue trasladado de emergencia al Hospital Jos\u00e9 Mar\u00eda Cullen, pero falleci\u00f3 horas despu\u00e9s debido a una falla multiorg\u00e1nica. (Foto: gentileza Aire Digital.)<\/figcaption><\/figure>\n\n\n\n<p>Fr\u00edas ingres\u00f3 al \u00e1rea de terapia intensiva en un estado delicado que se agrav\u00f3 horas despu\u00e9s y no resisti\u00f3. Los m\u00e9dicos confirmaron que falleci\u00f3 alrededor de las 16:45 a causa de una&nbsp;<strong>falla multiorg\u00e1nica<\/strong>.<\/p>\n\n\n\n<p>Las autoridades est\u00e1n investigando el incidente para intentar esclarecer en qu\u00e9 contexto se produjo el episodio dentro del cuartel militar. Por el momento, no trascendieron detalles sobre las circunstancias exactas del ahogamiento ni sobre las actividades que realizaba el sargento Fr\u00edas al momento del hecho.<\/p>\n\n\n\n<p>En tanto, el Ej\u00e9rcito Argentino confirm\u00f3 la muerte del militar y extendi\u00f3 sus condolencias a los allegados. \u201cCon hondo pesar,&nbsp;<strong>informamos el fallecimiento del sargento Gonzalo Diego Fr\u00edas,<\/strong>&nbsp;durante un acto del servicio. Acompa\u00f1amos a su familia, amigos y camaradas en este dif\u00edcil momento\u201d, publicaron en su cuenta de X.<\/p>\n","protected":false},"excerpt":{"rendered":"<p>Diego Gonzalo Fr\u00edas, de 38 a\u00f1os, falleci\u00f3 por una falla multiorg\u00e1nica tras ser internado en grave estado. El incidente ocurri\u00f3 en el Batall\u00f3n de Ingenieros Anfibios 121 de la ciudad&hellip; <\/p>\n","protected":false},"author":6,"featured_media":254768,"comment_status":"closed","ping_status":"open","sticky":false,"template":"","format":"standard","meta":{"footnotes":""},"categories":[33],"tags":[],"class_list":["post-254766","post","type-post","status-publish","format-standard","has-post-thumbnail","hentry","category-policiales"],"_links":{"self":[{"href":"https:\/\/corrientesdetarde.com\/index.php\/wp-json\/wp\/v2\/posts\/254766","targetHints":{"allow":["GET"]}}],"collection":[{"href":"https:\/\/corrientesdetarde.com\/index.php\/wp-json\/wp\/v2\/posts"}],"about":[{"href":"https:\/\/corrientesdetarde.com\/index.php\/wp-json\/wp\/v2\/types\/post"}],"author":[{"embeddable":true,"href":"https:\/\/corrientesdetarde.com\/index.php\/wp-json\/wp\/v2\/users\/6"}],"replies":[{"embeddable":true,"href":"https:\/\/corrientesdetarde.com\/index.php\/wp-json\/wp\/v2\/comments?post=254766"}],"version-history":[{"count":1,"href":"https:\/\/corrientesdetarde.com\/index.php\/wp-json\/wp\/v2\/posts\/254766\/revisions"}],"predecessor-version":[{"id":254770,"href":"https:\/\/corrientesdetarde.com\/index.php\/wp-json\/wp\/v2\/posts\/254766\/revisions\/254770"}],"wp:featuredmedia":[{"embeddable":true,"href":"https:\/\/corrientesdetarde.com\/index.php\/wp-json\/wp\/v2\/media\/254768"}],"wp:attachment":[{"href":"https:\/\/corrientesdetarde.com\/index.php\/wp-json\/wp\/v2\/media?parent=254766"}],"wp:term":[{"taxonomy":"category","embeddable":true,"href":"https:\/\/corrientesdetarde.com\/index.php\/wp-json\/wp\/v2\/categories?post=254766"},{"taxonomy":"post_tag","embeddable":true,"href":"https:\/\/corrientesdetarde.com\/index.php\/wp-json\/wp\/v2\/tags?post=254766"}],"curies":[{"name":"wp","href":"https:\/\/api.w.org\/{rel}","templated":true}]}}