{"id":254769,"date":"2026-05-01T19:40:00","date_gmt":"2026-05-01T22:40:00","guid":{"rendered":"https:\/\/corrientesdetarde.com\/?p=254769"},"modified":"2026-05-01T19:43:54","modified_gmt":"2026-05-01T22:43:54","slug":"javier-milei-se-reunio-con-el-embajador-en-francia-por-la-implementacion-del-acuerdo-entre-la-ue-y-el-mercosur","status":"publish","type":"post","link":"https:\/\/corrientesdetarde.com\/index.php\/politica\/javier-milei-se-reunio-con-el-embajador-en-francia-por-la-implementacion-del-acuerdo-entre-la-ue-y-el-mercosur\/","title":{"rendered":"Javier Milei se reuni\u00f3 con el embajador en Francia por la implementaci\u00f3n del acuerdo entre la UE y el Mercosur."},"content":{"rendered":"\n<h2 class=\"wp-block-heading\">El Presidente activ\u00f3 una agenda externa con foco en la apertura comercial. Tambi\u00e9n con el primer ministro de Canad\u00e1, Mark Carney, sobre el avance de las negociaciones con ese pa\u00eds.<\/h2>\n\n\n\n<p><strong>Javier Milei\u00a0se reuni\u00f3 con el embajador argentino en Francia, Ian Sielecki, en el mismo d\u00eda en que empez\u00f3 a aplicarse de manera provisoria el Acuerdo Interino de Comercio entre la Uni\u00f3n Europea y el\u00a0Mercosur<\/strong>. El ministro de Relaciones Exteriores tambi\u00e9n particip\u00f3 del encuentro que se realiz\u00f3 en la quinta de Olivos.<\/p>\n\n\n\n<p>El jefe de Estado\u00a0<strong>tambi\u00e9n fue parte de la teleconferencia entre la Uni\u00f3n Europa y el Mercosur<\/strong>\u00a0junto con su par de Paraguay, Santiago Pe\u00f1a, el ministro de Relaciones Exteriores de Brasil, Mauro Vieira, la presidenta de la Comisi\u00f3n Europea, Ursula von der Leyen, y el presidente del Consejo Europeo, Antonio Costa.<\/p>\n\n\n\n<p>El entendimiento comercial firmado el 17 de enero entr\u00f3 en vigencia este 1 de mayo y abri\u00f3 una etapa de implementaci\u00f3n. El acuerdo interino&nbsp;<strong>cubre liberalizaci\u00f3n comercial y de inversiones, prev\u00e9 una desgravaci\u00f3n arancelaria en un plazo de 15 a\u00f1os<\/strong>&nbsp;y empieza a reducir barreras no arancelarias en bienes y servicios. Tambi\u00e9n incorpora cap\u00edtulos sobre materias primas cr\u00edticas y cl\u00e1usulas de protecci\u00f3n ambiental.<\/p>\n\n\n\n<p>El primer mandatario tambi\u00e9n&nbsp;<strong>habl\u00f3 este viernes con el primer ministro de Canad\u00e1, Mark Carney<\/strong>, y ambos coincidieron en destacar los avances de la negociaci\u00f3n hacia un acuerdo de libre comercio entre Canad\u00e1 y el Mercosur. El dato qued\u00f3 asentado en un parte oficial de Ottawa, que adem\u00e1s remarc\u00f3 el peso econ\u00f3mico del bloque sudamericano, al que defini\u00f3 como la quinta econom\u00eda del mundo por tama\u00f1o agregado.<\/p>\n\n\n\n<figure class=\"wp-block-image\"><img decoding=\"async\" src=\"https:\/\/tn.com.ar\/resizer\/v2\/para-el-mercosur-la-ue-eliminara-progresivamente-aranceles-sobre-el-92-de-sus-importaciones-foto-reuterscesar-olmedo-6FQB4CKIQOKPCN2AI6JTAPA724.jpg?auth=9b57ec598ee7623e4a30ddee5b75fff498744f5250bdee20665e1887b56b407c&amp;width=767\" alt=\"Para el Mercosur, la UE eliminar\u00e1 progresivamente aranceles sobre el 92% de sus importaciones (Foto: REUTERS\/Cesar Olmedo).\"\/><figcaption class=\"wp-element-caption\">Para el Mercosur, la UE eliminar\u00e1 progresivamente aranceles sobre el 92% de sus importaciones (Foto: REUTERS\/Cesar Olmedo).<\/figcaption><\/figure>\n\n\n\n<p>La conversaci\u00f3n&nbsp;<strong>incluy\u00f3 adem\u00e1s el rol de Canad\u00e1 como uno de los principales inversores en la miner\u00eda argentina y la posibilidad de ampliar la relaci\u00f3n en comercio<\/strong>, minerales cr\u00edticos, energ\u00eda e inversiones. Tambi\u00e9n se abord\u00f3 el v\u00ednculo bilateral en materia de industria de defensa y pr\u00f3ximos operativos conjuntos.<\/p>\n\n\n\n<p>La Casa Rosada busca abrir varios carriles en simult\u00e1neo. Por un lado, sigui\u00f3 de cerca el arranque operativo del entendimiento con la Uni\u00f3n Europea y, por otro, activ\u00f3 una conversaci\u00f3n con un socio del G7 que mantiene negociaciones abiertas conversaciones abiertas con el Mercosur.&nbsp;<strong>La negociaci\u00f3n comercial entre Canad\u00e1 y el Mercosur, de hecho, sigue formalmente abierta desde 2018<\/strong>.<\/p>\n\n\n\n<p><strong>El frente franc\u00e9s, adem\u00e1s, sigue siendo uno de los m\u00e1s sensibles dentro del esquema europeo<\/strong>. Francia se mantuvo entre los pa\u00edses m\u00e1s cr\u00edticos del acuerdo por el impacto que podr\u00eda tener sobre su sector agropecuario, y el gobierno de Emmanuel Macron volvi\u00f3 a expresar reparos durante el proceso de aprobaci\u00f3n. A eso se suma que la aplicaci\u00f3n actual del tramo comercial es provisoria, mientras el debate institucional en Europa contin\u00faa abierto y persisten objeciones en el plano pol\u00edtico y judicial.<\/p>\n\n\n\n<p>La etapa que se abri\u00f3 este 1 de mayo es igualmente la de la implementaci\u00f3n. El tramo interino del acuerdo&nbsp;<strong>prev\u00e9 una desgravaci\u00f3n arancelaria de hasta 15 a\u00f1os, reduce barreras no arancelarias e incluye facilidades para el comercio de materias primas cr\u00edticas<\/strong>. Para el Mercosur, la UE eliminar\u00e1 progresivamente aranceles sobre el 92% de sus importaciones y otorgar\u00e1 acceso preferencial a otro 7,5% a trav\u00e9s de cuotas y otros mecanismos. El desaf\u00edo para el Gobierno ser\u00e1 convertir esa apertura formal en exportaciones, inversiones y resultados concretos, mientras intenta sumar a Canad\u00e1 a una agenda comercial en expansi\u00f3n.<\/p>\n","protected":false},"excerpt":{"rendered":"<p>El Presidente activ\u00f3 una agenda externa con foco en la apertura comercial. Tambi\u00e9n con el primer ministro de Canad\u00e1, Mark Carney, sobre el avance de las negociaciones con ese pa\u00eds.&hellip; <\/p>\n","protected":false},"author":6,"featured_media":254771,"comment_status":"closed","ping_status":"open","sticky":false,"template":"","format":"standard","meta":{"footnotes":""},"categories":[3],"tags":[],"class_list":["post-254769","post","type-post","status-publish","format-standard","has-post-thumbnail","hentry","category-politica"],"_links":{"self":[{"href":"https:\/\/corrientesdetarde.com\/index.php\/wp-json\/wp\/v2\/posts\/254769","targetHints":{"allow":["GET"]}}],"collection":[{"href":"https:\/\/corrientesdetarde.com\/index.php\/wp-json\/wp\/v2\/posts"}],"about":[{"href":"https:\/\/corrientesdetarde.com\/index.php\/wp-json\/wp\/v2\/types\/post"}],"author":[{"embeddable":true,"href":"https:\/\/corrientesdetarde.com\/index.php\/wp-json\/wp\/v2\/users\/6"}],"replies":[{"embeddable":true,"href":"https:\/\/corrientesdetarde.com\/index.php\/wp-json\/wp\/v2\/comments?post=254769"}],"version-history":[{"count":1,"href":"https:\/\/corrientesdetarde.com\/index.php\/wp-json\/wp\/v2\/posts\/254769\/revisions"}],"predecessor-version":[{"id":254773,"href":"https:\/\/corrientesdetarde.com\/index.php\/wp-json\/wp\/v2\/posts\/254769\/revisions\/254773"}],"wp:featuredmedia":[{"embeddable":true,"href":"https:\/\/corrientesdetarde.com\/index.php\/wp-json\/wp\/v2\/media\/254771"}],"wp:attachment":[{"href":"https:\/\/corrientesdetarde.com\/index.php\/wp-json\/wp\/v2\/media?parent=254769"}],"wp:term":[{"taxonomy":"category","embeddable":true,"href":"https:\/\/corrientesdetarde.com\/index.php\/wp-json\/wp\/v2\/categories?post=254769"},{"taxonomy":"post_tag","embeddable":true,"href":"https:\/\/corrientesdetarde.com\/index.php\/wp-json\/wp\/v2\/tags?post=254769"}],"curies":[{"name":"wp","href":"https:\/\/api.w.org\/{rel}","templated":true}]}}