{"id":254772,"date":"2026-05-01T19:50:00","date_gmt":"2026-05-01T22:50:00","guid":{"rendered":"https:\/\/corrientesdetarde.com\/?p=254772"},"modified":"2026-05-01T19:50:45","modified_gmt":"2026-05-01T22:50:45","slug":"alpine-felicito-a-franco-colapinto-luego-de-su-clasificacion-sprint-en-el-gp-de-miami-de-la-formula-1","status":"publish","type":"post","link":"https:\/\/corrientesdetarde.com\/index.php\/deportes\/alpine-felicito-a-franco-colapinto-luego-de-su-clasificacion-sprint-en-el-gp-de-miami-de-la-formula-1\/","title":{"rendered":"Alpine felicit\u00f3 a Franco Colapinto luego de su clasificaci\u00f3n Sprint en el GP de Miami de la F\u00f3rmula 1."},"content":{"rendered":"\n<h2 class=\"wp-block-heading\">El piloto argentino lleg\u00f3 a la Q3 y qued\u00f3 por delante de su compa\u00f1ero de equipo, Pierre Gasly. Por eso, la escuder\u00eda celebr\u00f3 el resultado en redes sociales.<\/h2>\n\n\n\n<p><strong>Franco Colapinto<\/strong>\u00a0termin\u00f3 8\u00ba en la clasificaci\u00f3n para la Sprint del\u00a0<strong>Gran Premio de Miami de la F\u00f3rmula 1<\/strong>. El argentino super\u00f3 a Pierre Gasly que finaliz\u00f3 10\u00b0 en la Q3. Por eso, tras la \u00faltima actividad del viernes, Alpine celebr\u00f3 el resultado final.<\/p>\n\n\n\n<p>\u201cEn su cuenta de X (Twitter), la escuder\u00eda public\u00f3 una foto de Colapinto con el resultado y escribi\u00f3: \u201c<strong>\u00a1Vamos! Es 8\u00ba para Franco<\/strong>\u201d, acompa\u00f1ado de un emoji de aplausos.<\/p>\n\n\n\n<figure class=\"wp-block-image\"><img decoding=\"async\" src=\"https:\/\/tn.com.ar\/resizer\/v2\/alpine-celebro-el-resultado-de-franco-foto-captura-3MWWEKB7YVCYHOMNPFD6VYPX2E.PNG?auth=8e26cbb929cfad106f8b5ea527a108e52d06cf71d6310679c10a64ed9244467d&amp;width=767\" alt=\"Alpine celebr\u00f3 el resultado de Franco. (Foto: Captura).\"\/><\/figure>\n\n\n\n<p>Alpine celebr\u00f3 el resultado de Franco. (Foto: Captura).<\/p>\n\n\n\n<p><strong>Lo curioso es que primero felicitaron al argentino y luego, por separado, al franc\u00e9s<\/strong>. En su \u00faltimo tuit, compartieron los resultados finales y celebraron que ambos autos se ubicaron entre los diez primeros con una foto del auto de Colapinto.<\/p>\n\n\n\n<figure class=\"wp-block-image\"><img decoding=\"async\" src=\"https:\/\/tn.com.ar\/resizer\/v2\/alpine-publico-el-resultado-final-de-la-clasificacion-sprint-de-sus-pilotos-foto-prensa-alpine-FTN32I4UUBGOTFJXFZQMJ6HNRI.jfif?auth=03cec343438774b6a5f1ffaee19ddeae8395af0db70cbddd32d7b982f6f81f28&amp;width=767\" alt=\"Alpine public\u00f3 el resultado final de la clasificaci\u00f3n Sprint de sus pilotos. (Foto: Prensa Alpine).\"\/><figcaption class=\"wp-element-caption\">Alpine public\u00f3 el resultado final de la clasificaci\u00f3n Sprint de sus pilotos. (Foto: Prensa Alpine).<\/figcaption><\/figure>\n\n\n\n<h2 class=\"wp-block-heading\">As\u00ed qued\u00f3 la grilla para la carrera Sprint del Gran Premio de Miami de la F\u00f3rmula 1<\/h2>\n\n\n\n<ol class=\"wp-block-list\">\n<li>Lando Norris<\/li>\n\n\n\n<li>Kimi Antonelli<\/li>\n\n\n\n<li>Oscar Piastri<\/li>\n\n\n\n<li>Charles Leclerc<\/li>\n\n\n\n<li>Max Verstappen<\/li>\n\n\n\n<li>George Russell<\/li>\n\n\n\n<li>Lewis Hamilton<\/li>\n\n\n\n<li>Franco Colapinto<\/li>\n\n\n\n<li>Isack Hadjar<\/li>\n\n\n\n<li>Pierre Gasly<\/li>\n\n\n\n<li>Gabriel Bortoleto<\/li>\n\n\n\n<li>Nico Hulkenberg<\/li>\n\n\n\n<li>Oliver Bearman<\/li>\n\n\n\n<li>Alexander Albon<\/li>\n\n\n\n<li>Carlos Sainz<\/li>\n\n\n\n<li>Arvin Lindblad<\/li>\n\n\n\n<li>Liam Lawson<\/li>\n\n\n\n<li>Esteban Ocon<\/li>\n\n\n\n<li>Sergio P\u00e9rez<\/li>\n\n\n\n<li>Valtteri Bottas<\/li>\n\n\n\n<li>Fernando Alonso<\/li>\n\n\n\n<li>Lance Stroll<\/li>\n<\/ol>\n\n\n\n<h2 class=\"wp-block-heading\">F\u00f3rmula 1: cu\u00e1ndo es el GP de Miami y c\u00f3mo ser\u00e1 el cronograma completo<\/h2>\n\n\n\n<p><strong>S\u00e1bado 2 de mayo<\/strong><\/p>\n\n\n\n<ul class=\"wp-block-list\">\n<li>Carrera Sprint: 13.00 a 14.00<\/li>\n\n\n\n<li>Clasificaci\u00f3n: 17.00 a 18.00<\/li>\n<\/ul>\n\n\n\n<p><strong>Domingo 3 de mayo:<\/strong><\/p>\n\n\n\n<ul class=\"wp-block-list\">\n<li>Carrera: 17.00<\/li>\n<\/ul>\n\n\n\n<p><em>Los horarios corresponden a la Argentina<\/em>.<\/p>\n","protected":false},"excerpt":{"rendered":"<p>El piloto argentino lleg\u00f3 a la Q3 y qued\u00f3 por delante de su compa\u00f1ero de equipo, Pierre Gasly. Por eso, la escuder\u00eda celebr\u00f3 el resultado en redes sociales. Franco Colapinto\u00a0termin\u00f3&hellip; <\/p>\n","protected":false},"author":6,"featured_media":254774,"comment_status":"closed","ping_status":"open","sticky":false,"template":"","format":"standard","meta":{"footnotes":""},"categories":[4],"tags":[],"class_list":["post-254772","post","type-post","status-publish","format-standard","has-post-thumbnail","hentry","category-deportes"],"_links":{"self":[{"href":"https:\/\/corrientesdetarde.com\/index.php\/wp-json\/wp\/v2\/posts\/254772","targetHints":{"allow":["GET"]}}],"collection":[{"href":"https:\/\/corrientesdetarde.com\/index.php\/wp-json\/wp\/v2\/posts"}],"about":[{"href":"https:\/\/corrientesdetarde.com\/index.php\/wp-json\/wp\/v2\/types\/post"}],"author":[{"embeddable":true,"href":"https:\/\/corrientesdetarde.com\/index.php\/wp-json\/wp\/v2\/users\/6"}],"replies":[{"embeddable":true,"href":"https:\/\/corrientesdetarde.com\/index.php\/wp-json\/wp\/v2\/comments?post=254772"}],"version-history":[{"count":1,"href":"https:\/\/corrientesdetarde.com\/index.php\/wp-json\/wp\/v2\/posts\/254772\/revisions"}],"predecessor-version":[{"id":254776,"href":"https:\/\/corrientesdetarde.com\/index.php\/wp-json\/wp\/v2\/posts\/254772\/revisions\/254776"}],"wp:featuredmedia":[{"embeddable":true,"href":"https:\/\/corrientesdetarde.com\/index.php\/wp-json\/wp\/v2\/media\/254774"}],"wp:attachment":[{"href":"https:\/\/corrientesdetarde.com\/index.php\/wp-json\/wp\/v2\/media?parent=254772"}],"wp:term":[{"taxonomy":"category","embeddable":true,"href":"https:\/\/corrientesdetarde.com\/index.php\/wp-json\/wp\/v2\/categories?post=254772"},{"taxonomy":"post_tag","embeddable":true,"href":"https:\/\/corrientesdetarde.com\/index.php\/wp-json\/wp\/v2\/tags?post=254772"}],"curies":[{"name":"wp","href":"https:\/\/api.w.org\/{rel}","templated":true}]}}