{"id":254779,"date":"2026-05-01T20:00:00","date_gmt":"2026-05-01T23:00:00","guid":{"rendered":"https:\/\/corrientesdetarde.com\/?p=254779"},"modified":"2026-05-01T19:55:28","modified_gmt":"2026-05-01T22:55:28","slug":"alertan-por-la-presencia-de-un-puma-en-la-isla-apipe","status":"publish","type":"post","link":"https:\/\/corrientesdetarde.com\/index.php\/informacion-general\/alertan-por-la-presencia-de-un-puma-en-la-isla-apipe\/","title":{"rendered":"Alertan por la presencia de un puma en la Isla Apip\u00e9."},"content":{"rendered":"\n<h2 class=\"wp-block-heading\">El hallazgo se produjo en el paraje Puerto Tala, donde se detectaron huellas del felino luego de denuncias por la muerte de un ternero y un caballo. Refuerzan controles y medidas preventivas.<\/h2>\n\n\n\n<p>Autoridades confirmaron la presencia de un puma en la Isla Apip\u00e9 luego de una intervenci\u00f3n policial en el paraje Puerto Tala, donde se hab\u00edan denunciado ataques a animales de producci\u00f3n. Durante el operativo, personal especializado constat\u00f3 huellas que coinciden con las de este felino y activ\u00f3 medidas preventivas en la zona.<\/p>\n\n\n\n<p>El procedimiento fue llevado adelante por la Polic\u00eda de Seguridad Rural y Ecol\u00f3gica de Ituzaing\u00f3, tras reportes por la muerte de un ternero y un caballo. La comisi\u00f3n estuvo encabezada por el comisario inspector Marcelino Cardozo y el oficial principal Andr\u00e9s Toledo.<\/p>\n\n\n\n<p>En la inspecci\u00f3n ocular, realizada en conjunto con efectivos de la Comisar\u00eda de Apip\u00e9 y guardaparques provinciales, se identificaron rastros compatibles con el puma. Las caracter\u00edsticas morfol\u00f3gicas y el tama\u00f1o de las huellas fueron determinantes para la evaluaci\u00f3n inicial.<\/p>\n\n\n\n<p>Ante esta situaci\u00f3n, se dispuso un trabajo coordinado con el municipio de San Antonio para reforzar los patrullajes en \u00e1reas rurales. Adem\u00e1s, se avanzar\u00e1 en tareas de monitoreo junto a guardaparques y en acciones de concientizaci\u00f3n destinadas a los pobladores de la zona.<\/p>\n\n\n\n<p>Las autoridades recomendaron resguardar el ganado durante la noche, evitar dejar restos org\u00e1nicos al aire libre y no intervenir ante la eventual presencia del animal, ya que se trata de una especie protegida.<\/p>\n\n\n\n<p>En tanto, continuar\u00e1n las tareas de seguimiento y prevenci\u00f3n para evitar nuevos incidentes en la regi\u00f3n.<\/p>\n","protected":false},"excerpt":{"rendered":"<p>El hallazgo se produjo en el paraje Puerto Tala, donde se detectaron huellas del felino luego de denuncias por la muerte de un ternero y un caballo. Refuerzan controles y&hellip; <\/p>\n","protected":false},"author":6,"featured_media":254780,"comment_status":"closed","ping_status":"open","sticky":false,"template":"","format":"standard","meta":{"footnotes":""},"categories":[1],"tags":[],"class_list":["post-254779","post","type-post","status-publish","format-standard","has-post-thumbnail","hentry","category-informacion-general"],"_links":{"self":[{"href":"https:\/\/corrientesdetarde.com\/index.php\/wp-json\/wp\/v2\/posts\/254779","targetHints":{"allow":["GET"]}}],"collection":[{"href":"https:\/\/corrientesdetarde.com\/index.php\/wp-json\/wp\/v2\/posts"}],"about":[{"href":"https:\/\/corrientesdetarde.com\/index.php\/wp-json\/wp\/v2\/types\/post"}],"author":[{"embeddable":true,"href":"https:\/\/corrientesdetarde.com\/index.php\/wp-json\/wp\/v2\/users\/6"}],"replies":[{"embeddable":true,"href":"https:\/\/corrientesdetarde.com\/index.php\/wp-json\/wp\/v2\/comments?post=254779"}],"version-history":[{"count":1,"href":"https:\/\/corrientesdetarde.com\/index.php\/wp-json\/wp\/v2\/posts\/254779\/revisions"}],"predecessor-version":[{"id":254781,"href":"https:\/\/corrientesdetarde.com\/index.php\/wp-json\/wp\/v2\/posts\/254779\/revisions\/254781"}],"wp:featuredmedia":[{"embeddable":true,"href":"https:\/\/corrientesdetarde.com\/index.php\/wp-json\/wp\/v2\/media\/254780"}],"wp:attachment":[{"href":"https:\/\/corrientesdetarde.com\/index.php\/wp-json\/wp\/v2\/media?parent=254779"}],"wp:term":[{"taxonomy":"category","embeddable":true,"href":"https:\/\/corrientesdetarde.com\/index.php\/wp-json\/wp\/v2\/categories?post=254779"},{"taxonomy":"post_tag","embeddable":true,"href":"https:\/\/corrientesdetarde.com\/index.php\/wp-json\/wp\/v2\/tags?post=254779"}],"curies":[{"name":"wp","href":"https:\/\/api.w.org\/{rel}","templated":true}]}}