{"id":25861,"date":"2022-12-07T14:23:31","date_gmt":"2022-12-07T17:23:31","guid":{"rendered":"https:\/\/corrientesdetarde.com\/?p=25861"},"modified":"2022-12-07T14:23:35","modified_gmt":"2022-12-07T17:23:35","slug":"la-policia-demoro-a-un-joven-que-habria-protagonizado-un-supuesto-incidente-de-violencia-de-genero-en-la-via-publica","status":"publish","type":"post","link":"https:\/\/corrientesdetarde.com\/index.php\/crimen-y-justicia\/la-policia-demoro-a-un-joven-que-habria-protagonizado-un-supuesto-incidente-de-violencia-de-genero-en-la-via-publica\/","title":{"rendered":"La Polic\u00eda, demor\u00f3 a un joven, que habr\u00eda protagonizado un supuesto incidente de violencia de g\u00e9nero en la v\u00eda p\u00fablica"},"content":{"rendered":"\n<h6 class=\"wp-block-heading\"><\/h6>\n\n\n\n<h6 class=\"wp-block-heading\" id=\"block-c36b6efc-4cb5-4d07-9fd1-8f9be25db3e0\">En horas de la ma\u00f1ana de ayer en circunstancias en que Personal Policial de la Comisaria Sexta Urbana, se<br>hallaban efectuando sus labores espec\u00edficas, al estar circulando en las inmediaciones Avenida Costanera, entre<br>calle Salta y Rioja, habr\u00edan observado a una mujer con una ni\u00f1a en sus brazos y que aparentemente estaba<br>acorralada contra la pared, por un hombre que, en evidente estado agresivo y hac\u00eda gestos con sus manos, en<br>forma intimidante, amenaz\u00e1ndola con pegarle.<br>Por tal motivo, inmediatamente los Polic\u00edas tomaron intervenci\u00f3n, tras lo cual este hombre al notar la<br>presencia policial, se hab\u00eda dado a la fuga, pero en un r\u00e1pido accionar y tras una breve persecuci\u00f3n, el mismo<br>fue alcanzado y demorado, trat\u00e1ndose de un joven de 19 a\u00f1os de edad.<br>El demorado, fue trasladado-por razones de competencia-; a la Comisar\u00eda 1ra. Urbana, donde se continua<br>con las diligencias y tramites del caso. \u2013<\/h6>\n","protected":false},"excerpt":{"rendered":"<p>En horas de la ma\u00f1ana de ayer en circunstancias en que Personal Policial de la Comisaria Sexta Urbana, sehallaban efectuando sus labores espec\u00edficas, al estar circulando en las inmediaciones Avenida&hellip; <\/p>\n","protected":false},"author":1,"featured_media":25863,"comment_status":"closed","ping_status":"open","sticky":false,"template":"","format":"standard","meta":{"footnotes":""},"categories":[5],"tags":[],"class_list":["post-25861","post","type-post","status-publish","format-standard","has-post-thumbnail","hentry","category-crimen-y-justicia"],"_links":{"self":[{"href":"https:\/\/corrientesdetarde.com\/index.php\/wp-json\/wp\/v2\/posts\/25861","targetHints":{"allow":["GET"]}}],"collection":[{"href":"https:\/\/corrientesdetarde.com\/index.php\/wp-json\/wp\/v2\/posts"}],"about":[{"href":"https:\/\/corrientesdetarde.com\/index.php\/wp-json\/wp\/v2\/types\/post"}],"author":[{"embeddable":true,"href":"https:\/\/corrientesdetarde.com\/index.php\/wp-json\/wp\/v2\/users\/1"}],"replies":[{"embeddable":true,"href":"https:\/\/corrientesdetarde.com\/index.php\/wp-json\/wp\/v2\/comments?post=25861"}],"version-history":[{"count":1,"href":"https:\/\/corrientesdetarde.com\/index.php\/wp-json\/wp\/v2\/posts\/25861\/revisions"}],"predecessor-version":[{"id":25864,"href":"https:\/\/corrientesdetarde.com\/index.php\/wp-json\/wp\/v2\/posts\/25861\/revisions\/25864"}],"wp:featuredmedia":[{"embeddable":true,"href":"https:\/\/corrientesdetarde.com\/index.php\/wp-json\/wp\/v2\/media\/25863"}],"wp:attachment":[{"href":"https:\/\/corrientesdetarde.com\/index.php\/wp-json\/wp\/v2\/media?parent=25861"}],"wp:term":[{"taxonomy":"category","embeddable":true,"href":"https:\/\/corrientesdetarde.com\/index.php\/wp-json\/wp\/v2\/categories?post=25861"},{"taxonomy":"post_tag","embeddable":true,"href":"https:\/\/corrientesdetarde.com\/index.php\/wp-json\/wp\/v2\/tags?post=25861"}],"curies":[{"name":"wp","href":"https:\/\/api.w.org\/{rel}","templated":true}]}}