{"id":25865,"date":"2022-12-07T14:25:46","date_gmt":"2022-12-07T17:25:46","guid":{"rendered":"https:\/\/corrientesdetarde.com\/?p=25865"},"modified":"2022-12-07T14:25:51","modified_gmt":"2022-12-07T17:25:51","slug":"el-fondo-nacional-de-las-artes-anuncio-los-ganadores-del-concurso-de-artes-visuales","status":"publish","type":"post","link":"https:\/\/corrientesdetarde.com\/index.php\/cultura\/el-fondo-nacional-de-las-artes-anuncio-los-ganadores-del-concurso-de-artes-visuales\/","title":{"rendered":"El Fondo Nacional de las Artes anunci\u00f3 los ganadores del Concurso de Artes Visuales"},"content":{"rendered":"\n<h5 class=\"wp-block-heading\">El FNA anunci\u00f3 los ganadores de todas la categor\u00edas, como tambi\u00e9n de los Premios Regionales y Especiales, que se expondr\u00e1n en dos tandas. Los detalles<\/h5>\n\n\n\n<p>La pintora&nbsp;<strong>Ver\u00f3nica G\u00f3mez<\/strong>&nbsp;se qued\u00f3 con el Gran Premio Adquisici\u00f3n 2022 del&nbsp;<strong>Fondo Nacional de las Artes<\/strong>, tras un proceso de selecci\u00f3n sobre 3163 postulantes. Adem\u00e1s, 46 obras de todo el pa\u00eds fueron seleccionadas para ser premiadas y exhibidas en la Casa de la Cultura en dos tandas, dada la capacidad de la sala, del 8 al 30 de diciembre y del 9 de febrero al 12 de marzo de 2023.<\/p>\n\n\n\n<p>La obra de G\u00f3mez,&nbsp;<em><strong>Reina azul y gecko enlutado<\/strong><\/em>&nbsp;(\u00f3leo sobre lienzo, 2021), es un retrato de atm\u00f3sfera teatral que \u201crepresenta la persistencia de la pintura en tiempos de hiperconectividad e im\u00e1genes fugaces\u201d, explicaron desde la instituci\u00f3n que suma la pieza a su acervo \u201ccomo una puesta al d\u00eda de un soporte con una historia e identidad propias\u201d.<\/p>\n\n\n\n<p>A partir de la decisi\u00f3n un\u00e1nime del jurado formado por&nbsp;<strong>Guadalupe Chitorrab, Carlos Herrera&nbsp;<\/strong>y&nbsp;<strong>Lara Marmor<\/strong>, G\u00f3mez recibir\u00e1 450 mil pesos. Junto a ella fueron elegidas<strong>&nbsp;Chiara Girimonti<\/strong>&nbsp;(Premio Nacional en la Categor\u00eda Bidimensional por la pintura&nbsp;<em><strong>El encuentro<\/strong><\/em>);&nbsp;<strong>Mar\u00eda Lucrecia Vita&nbsp;<\/strong>(Premio Nacional en la Categor\u00eda Tridimensional por la instalaci\u00f3n&nbsp;<em><strong>Cuando el r\u00edo toca la roca<\/strong><\/em>) y&nbsp;<strong>Cecilia Estalles&nbsp;<\/strong>y&nbsp;<strong>Bel\u00e9n Eva Carlocchia<\/strong>&nbsp;(Premio Nacional en la Categor\u00eda Fotograf\u00eda por&nbsp;<em><strong>1%<\/strong><\/em>) quienes recibir\u00e1n 250 mil pesos respectivamente.<\/p>\n\n\n\n<p><img loading=\"lazy\" decoding=\"async\" alt=\"Casa de la Cultura del Fondo Nacional de las Artes \" height=\"1080\" width=\"1920\" class=\"\" src=\"https:\/\/cloudfront-us-east-1.images.arcpublishing.com\/infobae\/CCSL426DLJFYZKQ5ZTU6UU42IA.jpg\" srcset=\"https:\/\/www.infobae.com\/new-resizer\/kxoKDKkBN6DI5-zC_k33iA438p8=\/420x236\/filters:format(webp):quality(85)\/cloudfront-us-east-1.images.arcpublishing.com\/infobae\/CCSL426DLJFYZKQ5ZTU6UU42IA.jpg 420w,https:\/\/www.infobae.com\/new-resizer\/y7VF1jnbh1HEEG_OKqAnqrzGAOA=\/768x432\/filters:format(webp):quality(85)\/cloudfront-us-east-1.images.arcpublishing.com\/infobae\/CCSL426DLJFYZKQ5ZTU6UU42IA.jpg 768w,https:\/\/www.infobae.com\/new-resizer\/USAg13axjqhROD6QWsWhJxpC8Gw=\/992x558\/filters:format(webp):quality(85)\/cloudfront-us-east-1.images.arcpublishing.com\/infobae\/CCSL426DLJFYZKQ5ZTU6UU42IA.jpg 992w,https:\/\/www.infobae.com\/new-resizer\/naowF8h1IZvTKsJf-S04BPWeeJg=\/1200x675\/filters:format(webp):quality(85)\/cloudfront-us-east-1.images.arcpublishing.com\/infobae\/CCSL426DLJFYZKQ5ZTU6UU42IA.jpg 1200w,https:\/\/www.infobae.com\/new-resizer\/iOSiWlQGYiTr6rlIuyhcOEi-MYQ=\/1440x810\/filters:format(webp):quality(85)\/cloudfront-us-east-1.images.arcpublishing.com\/infobae\/CCSL426DLJFYZKQ5ZTU6UU42IA.jpg 1440w\">Casa de la Cultura del Fondo Nacional de las Artes<\/p>\n\n\n\n<p><\/p>\n\n\n\n<p>Por otro lado, el concurso 2022 sum\u00f3 como novedad la selecci\u00f3n de obras para los cinco Premios Regionales, lo que asegura un muestrario del estado del arte contempor\u00e1neo en toda la Argentina. En la regi\u00f3n 1 el premio fue para&nbsp;<strong>Carrie Bencardino<\/strong>&nbsp;(CABA) por la pintura&nbsp;<em><strong>Hay una luz que nunca se apaga<\/strong><\/em>. En la 2 el elegido result\u00f3&nbsp;<strong>Bruno Gruppali&nbsp;<\/strong>(Buenos Aires) con la obra tridimensional<em><strong>&nbsp;Ejercicio de cara<\/strong><\/em>&nbsp;y en la 3,&nbsp;<strong>Virginia Molinari&nbsp;<\/strong>(Santa Fe) por la fotograf\u00eda&nbsp;<em><strong>Jose<\/strong><\/em>. En la regi\u00f3n 4 fue premiado&nbsp;<strong>Adri\u00e1n Enrique Sosa<\/strong>&nbsp;(Tucum\u00e1n) por la performance capturada en video<em><strong>&nbsp;Ensayos de nube<\/strong><\/em>&nbsp;y en la 5&nbsp;<strong>Gregorio Ib\u00e1\u00f1ez<\/strong>&nbsp;(Neuqu\u00e9n) por la fotograf\u00eda<em><strong>&nbsp;Los Pterod\u00e1ctilos<\/strong><\/em>. Cada uno de estos artistas recibir\u00e1 200 mil pesos.<\/p>\n\n\n\n<p>Tambi\u00e9n se han otorgado Premios Especiales de 150 mil pesos para<strong>&nbsp;Majo Arrigoni<\/strong>&nbsp;(C\u00f3rdoba),&nbsp;<strong>Agust\u00edn Gonz\u00e1lez Goyt\u00eda&nbsp;<\/strong>(Tucum\u00e1n),&nbsp;<strong>Soledad Dahbar<\/strong>&nbsp;(Salta),<strong>&nbsp;Ileana Dell\u2019Unti<\/strong>&nbsp;(Formosa),&nbsp;<strong>Florencia Lo Re&nbsp;<\/strong>(Buenos Aires) y<strong>&nbsp;Gerardo Alcides Schachner<\/strong>&nbsp;(Neuqu\u00e9n). En tanto que los otros artistas seleccionados para la muestra recibir\u00e1n un est\u00edmulo de 30 mil pesos.<\/p>\n","protected":false},"excerpt":{"rendered":"<p>El FNA anunci\u00f3 los ganadores de todas la categor\u00edas, como tambi\u00e9n de los Premios Regionales y Especiales, que se expondr\u00e1n en dos tandas. Los detalles La pintora&nbsp;Ver\u00f3nica G\u00f3mez&nbsp;se qued\u00f3 con&hellip; <\/p>\n","protected":false},"author":1,"featured_media":25866,"comment_status":"closed","ping_status":"open","sticky":false,"template":"","format":"standard","meta":{"footnotes":""},"categories":[15],"tags":[],"class_list":["post-25865","post","type-post","status-publish","format-standard","has-post-thumbnail","hentry","category-cultura"],"_links":{"self":[{"href":"https:\/\/corrientesdetarde.com\/index.php\/wp-json\/wp\/v2\/posts\/25865","targetHints":{"allow":["GET"]}}],"collection":[{"href":"https:\/\/corrientesdetarde.com\/index.php\/wp-json\/wp\/v2\/posts"}],"about":[{"href":"https:\/\/corrientesdetarde.com\/index.php\/wp-json\/wp\/v2\/types\/post"}],"author":[{"embeddable":true,"href":"https:\/\/corrientesdetarde.com\/index.php\/wp-json\/wp\/v2\/users\/1"}],"replies":[{"embeddable":true,"href":"https:\/\/corrientesdetarde.com\/index.php\/wp-json\/wp\/v2\/comments?post=25865"}],"version-history":[{"count":1,"href":"https:\/\/corrientesdetarde.com\/index.php\/wp-json\/wp\/v2\/posts\/25865\/revisions"}],"predecessor-version":[{"id":25867,"href":"https:\/\/corrientesdetarde.com\/index.php\/wp-json\/wp\/v2\/posts\/25865\/revisions\/25867"}],"wp:featuredmedia":[{"embeddable":true,"href":"https:\/\/corrientesdetarde.com\/index.php\/wp-json\/wp\/v2\/media\/25866"}],"wp:attachment":[{"href":"https:\/\/corrientesdetarde.com\/index.php\/wp-json\/wp\/v2\/media?parent=25865"}],"wp:term":[{"taxonomy":"category","embeddable":true,"href":"https:\/\/corrientesdetarde.com\/index.php\/wp-json\/wp\/v2\/categories?post=25865"},{"taxonomy":"post_tag","embeddable":true,"href":"https:\/\/corrientesdetarde.com\/index.php\/wp-json\/wp\/v2\/tags?post=25865"}],"curies":[{"name":"wp","href":"https:\/\/api.w.org\/{rel}","templated":true}]}}