{"id":25936,"date":"2022-12-07T16:41:33","date_gmt":"2022-12-07T19:41:33","guid":{"rendered":"https:\/\/corrientesdetarde.com\/?p=25936"},"modified":"2022-12-07T16:41:36","modified_gmt":"2022-12-07T19:41:36","slug":"crisis-en-peru-destituyeron-y-detuvieron-a-pedro-castillo","status":"publish","type":"post","link":"https:\/\/corrientesdetarde.com\/index.php\/internacionales\/crisis-en-peru-destituyeron-y-detuvieron-a-pedro-castillo\/","title":{"rendered":"Crisis en Per\u00fa: destituyeron y detuvieron a Pedro Castillo"},"content":{"rendered":"\n<p>La crisis en Per\u00fa est\u00e1 en su punto m\u00e1s alto. M\u00e1s temprano, los ministros de Econom\u00eda, Justicia, Relaciones Exteriores y Trabajo renunciaron a sus cargos.<\/p>\n\n\n\n<p>El presidente de&nbsp;<strong>Per\u00fa<\/strong>,&nbsp;<strong>Pedro Castillo<\/strong>, fue destitu\u00eddo y detenido luego de anunciar este mi\u00e9rcoles la decisi\u00f3n de<strong>&nbsp;disolver el Congreso<\/strong>, horas antes de que el \u00f3rgano legislativo tuviese que debatir una moci\u00f3n de destituci\u00f3n en su contra.<\/p>\n\n\n\n<p>El mandatario declar\u00f3 un &#8220;Gobierno de excepci\u00f3n&#8221; y un &#8220;toque de queda a nivel nacional&#8221;, lo que motiv\u00f3 inmediatamente l<strong>a renuncia de ministros y acusaciones de la oposici\u00f3n de un &#8220;golpe de Estado&#8221;.<\/strong><\/p>\n\n\n\n<p>En un mensaje televisado, Castillo convoc\u00f3 &#8220;en el m\u00e1s breve plazo a elecciones para un nuevo Congreso con facultades constituyentes para elaborar una nueva Constituci\u00f3n&nbsp;en un plazo no mayor de nueve meses.<strong>&nbsp;A partir de la fecha y hasta que se instaure el nuevo Congreso se gobernar\u00e1 mediante decretos ley<\/strong>&#8220;.<\/p>\n\n\n\n<p>\u201cEn atenci\u00f3n al reclamo ciudadano a lo largo y ancho del pa\u00eds, tomamos la decisi\u00f3n de establecer un gobierno de excepci\u00f3n orientado a establecer el Estado de derecho y democracia, a cuyo efecto se dictan las medidas:&nbsp;<strong>disolver temporalmente el Congreso de la Rep\u00fablica e instaurar un gobierno de emergencia excepcional<\/strong>\u201d, manifest\u00f3.<\/p>\n\n\n\n<p>El presidente acus\u00f3 al Congreso de &#8220;destruir el Estado de derecho, democracia y equilibrio de poderes&#8221;, inform\u00f3 el medio local RPP.<\/p>\n\n\n\n<p>Adem\u00e1s, el mandatario de izquierda decret\u00f3 un &#8220;toque de queda a nivel nacional&#8221; a partir de hoy, desde las 22 hasta las 4 horas del d\u00eda siguiente.<\/p>\n\n\n\n<p>Tambi\u00e9n declara en&nbsp;<strong>reorganizaci\u00f3n el sistema de justicia<\/strong>: el Poder Judicial, el Ministerio P\u00fablico, la Junta Nacional de Justicia, el Tribunal Constitucional.<\/p>\n\n\n\n<h2 class=\"wp-block-heading\">Renuncia masiva de ministros en Per\u00fa<\/h2>\n\n\n\n<p>La decisi\u00f3n de Catillo fue anunciada horas antes de que el Parlamento, controlado por la oposici\u00f3n de derecha, se dispusiera a debatir una moci\u00f3n de&nbsp;<strong>destituci\u00f3n del presidente por<\/strong>&nbsp;&#8220;<strong>permanente incapacidad moral<\/strong>&#8220;.<\/p>\n\n\n\n<p>El anuncio del mandatario motiv\u00f3 inmediatamente una serie de renuncias en el Gabinete.<\/p>\n\n\n\n<p>&#8220;En estricto apego a mis&nbsp;<strong>convicciones y valores democr\u00e1ticos y constitucionales<\/strong>, he decidido&nbsp;<strong>renunciar irrevocablemente al cargo de Ministro de Relaciones Exteriores,<\/strong>&nbsp;ante la decisi\u00f3n del Presidente Castillo de cerrar el Congreso de la Rep\u00fablica, violando la Constituci\u00f3n&#8221;, indic\u00f3&nbsp;<strong>C\u00e9sar Landa&nbsp;<\/strong>en su cuenta de Twitter.<\/p>\n\n\n\n<figure class=\"wp-block-image\"><img decoding=\"async\" src=\"https:\/\/media.minutouno.com\/p\/ce1cea790d0fd22029cfcfe395cf2a95\/adjuntos\/150\/imagenes\/040\/343\/0040343717\/610x0\/smart\/cesar-landapng.png\" alt=\"\"\/><\/figure>\n\n\n\n<p>&#8220;<strong>Habi\u00e9ndose vulnerado el Estado de Derecho<\/strong>&nbsp;y en la l\u00ednea con mis principios democr\u00e1ticos, presento mi renuncia irrevocable al cargo&#8221;, manifest\u00f3 en sinton\u00eda&nbsp;<strong>Kurt Burneo<\/strong>, hasta ahora<strong>&nbsp;ministro de Econom\u00eda y Finanzas.<\/strong><\/p>\n\n\n\n<p>&#8220;Coherente con mis principios y con pleno respeto a la&nbsp;<strong>democracia<\/strong>, he presentado mi renuncia al Gabinete Ministerial&#8221;, indic\u00f3&nbsp;<strong>Alejandro Salas, ministro de Trabajo.<\/strong><\/p>\n\n\n\n<p>&#8220;Estamos frente a un golpe de Estado&#8221;, apunt\u00f3 por su parte la diputada fujimorista&nbsp;<strong>Martha Moyano<\/strong>, una de las voces de la oposici\u00f3n que critic\u00f3 el anuncio de Castillo.<\/p>\n\n\n\n<figure class=\"wp-block-image\"><img decoding=\"async\" src=\"https:\/\/media.minutouno.com\/p\/cad5e2d52ba488c0454dfd8aab6de177\/adjuntos\/150\/imagenes\/040\/343\/0040343718\/610x0\/smart\/alejandro-salaspng.png\" alt=\"\"\/><\/figure>\n\n\n\n<p>En la misma l\u00ednea se pronunci\u00f3 la exjefa de Gabinete<strong>&nbsp;Mirtha V\u00e1squez:&nbsp;<\/strong>&#8220;En un estado de derecho no se puede permitir un golpe de Estado. Castillo est\u00e1 replicando el modelo Fujimori que pone en serio riesgo la democracia;&nbsp;ni el rol nefasto de este congreso, ni las investigaciones por corrupci\u00f3n pueden justificar estas decisiones autoritarias&#8221;.<\/p>\n","protected":false},"excerpt":{"rendered":"<p>La crisis en Per\u00fa est\u00e1 en su punto m\u00e1s alto. M\u00e1s temprano, los ministros de Econom\u00eda, Justicia, Relaciones Exteriores y Trabajo renunciaron a sus cargos. El presidente de&nbsp;Per\u00fa,&nbsp;Pedro Castillo, fue&hellip; <\/p>\n","protected":false},"author":8,"featured_media":25938,"comment_status":"closed","ping_status":"open","sticky":false,"template":"","format":"standard","meta":{"footnotes":""},"categories":[11],"tags":[],"class_list":["post-25936","post","type-post","status-publish","format-standard","has-post-thumbnail","hentry","category-internacionales"],"_links":{"self":[{"href":"https:\/\/corrientesdetarde.com\/index.php\/wp-json\/wp\/v2\/posts\/25936","targetHints":{"allow":["GET"]}}],"collection":[{"href":"https:\/\/corrientesdetarde.com\/index.php\/wp-json\/wp\/v2\/posts"}],"about":[{"href":"https:\/\/corrientesdetarde.com\/index.php\/wp-json\/wp\/v2\/types\/post"}],"author":[{"embeddable":true,"href":"https:\/\/corrientesdetarde.com\/index.php\/wp-json\/wp\/v2\/users\/8"}],"replies":[{"embeddable":true,"href":"https:\/\/corrientesdetarde.com\/index.php\/wp-json\/wp\/v2\/comments?post=25936"}],"version-history":[{"count":1,"href":"https:\/\/corrientesdetarde.com\/index.php\/wp-json\/wp\/v2\/posts\/25936\/revisions"}],"predecessor-version":[{"id":25939,"href":"https:\/\/corrientesdetarde.com\/index.php\/wp-json\/wp\/v2\/posts\/25936\/revisions\/25939"}],"wp:featuredmedia":[{"embeddable":true,"href":"https:\/\/corrientesdetarde.com\/index.php\/wp-json\/wp\/v2\/media\/25938"}],"wp:attachment":[{"href":"https:\/\/corrientesdetarde.com\/index.php\/wp-json\/wp\/v2\/media?parent=25936"}],"wp:term":[{"taxonomy":"category","embeddable":true,"href":"https:\/\/corrientesdetarde.com\/index.php\/wp-json\/wp\/v2\/categories?post=25936"},{"taxonomy":"post_tag","embeddable":true,"href":"https:\/\/corrientesdetarde.com\/index.php\/wp-json\/wp\/v2\/tags?post=25936"}],"curies":[{"name":"wp","href":"https:\/\/api.w.org\/{rel}","templated":true}]}}