{"id":25944,"date":"2022-12-07T17:36:10","date_gmt":"2022-12-07T20:36:10","guid":{"rendered":"https:\/\/corrientesdetarde.com\/?p=25944"},"modified":"2022-12-07T17:36:14","modified_gmt":"2022-12-07T20:36:14","slug":"la-provincia-recibio-por-parte-de-nacion-nueve-ambulancias-con-la-presencia-de-la-ministra-de-salud-vizzotti","status":"publish","type":"post","link":"https:\/\/corrientesdetarde.com\/index.php\/informacion-general\/la-provincia-recibio-por-parte-de-nacion-nueve-ambulancias-con-la-presencia-de-la-ministra-de-salud-vizzotti\/","title":{"rendered":"La Provincia recibi\u00f3 por parte de Naci\u00f3n nueve ambulancias con la presencia de la ministra de Salud, Vizzotti"},"content":{"rendered":"\n<p>Tras mantener recorrer las instalaciones de un Caps de la Ciudad, la ministra de salud de la Naci\u00f3n, Carla Vizzotti junto a su par de Corrientes, Ricardo Cardozo entregaron nueve ambulancias&nbsp;que ser\u00e1n distribuidas a localidades del interior de la provincia. Adem\u00e1s, presentaron las 40 antenas satelitales que ser\u00e1n colocadas para fortalecer la accesibilidad de la salud a trav\u00e9s de internet en los CAPS y SAPS.<\/p>\n\n\n\n<p>Pasado el mediod\u00eda en el ingreso del Hospital de Campa\u00f1a, la ministra de Salud de la Naci\u00f3n, Carla Vizzotti entreg\u00f3 a su par de Corrientes, Ricardo Cardozo nueve ambulancias totalmente equipadas -seis para unidad de traslado y tres equipadas para cuidados cr\u00edticos- que ser\u00e1n posteriormente entregadas a localidades del interior.<\/p>\n\n\n\n<p>Adem\u00e1s, en la jornada en el marco de fortalecimiento de la atenci\u00f3n primaria de la salud se presentaron tambi\u00e9n 40 antenas cuya instalaci\u00f3n est\u00e1 a cargo de la Empresa Argentina de Soluciones Satelitales Sociedad An\u00f3nima AR-SAT.<\/p>\n\n\n\n<p>El objetivo es seguir fortaleciendo la accesibilidad a la salud a trav\u00e9s de internet para, de esta manera, achicar las brechas tecnol\u00f3gicas. Se centra espec\u00edficamente en el acceso a teleconsultas y carga de datos sanitarios.<\/p>\n\n\n\n<p>Las antenas satelitales ser\u00e1n instaladas en centros de salud y salas rurales de: Alvear, Bella Vista, Ca\u00e1 Cat\u00ed, Cecilio Echevarr\u00eda, Colonia 3 de Abril, Colonia Pando, Empedrado, Esquina, Garruchos, Gobernador Mart\u00ednez, Goya, Isla Apipe, It\u00e1 Ibat\u00e9, Itat\u00ed, Lomas de Vallejos, Mburucuy\u00e1, Mercedes, Perugorr\u00eda, Pueblo Libertador, Saladas, San Cosme, San Isidro, San Luis del Palmar, San Roque, Sauce, Villa Olivari Y Yapey\u00fa.<\/p>\n\n\n\n<p><strong>Palabras de Carla Vizzotti<\/strong><\/p>\n\n\n\n<p>Al respecto, la ministra de Salud de la Naci\u00f3n, Carla Vizzotti, sostuvo que \u201cbuscamos poner en valor la respuesta del personal de Salud ante la pandemia\u201d, y a la vez destac\u00f3 el esfuerzo y dedicaci\u00f3n de los trabajadores.<\/p>\n\n\n\n<p>Seguidamente, la ministra puso de relieve que, a pesar de la demanda en las atenciones m\u00e9dicas, el sistema de Salud contin\u00faa haciendo un gran esfuerzo porque la demanda sigue alta y a la vez record\u00f3 que tras el contexto de pandemia existieron problemas complejos ya que \u201chubo cirug\u00edas que tuvieron que retrasarse, diagn\u00f3sticos tard\u00edos, personas con enfermedades prevenibles con vacunas que no accedieron a la vacunaci\u00f3n, y el impacto del aislamiento en la salud mental\u201d.<\/p>\n\n\n\n<p>A su vez, destac\u00f3 la Vizzotti que desde Naci\u00f3n siguen trabajando con los ministros de cada punto del pa\u00eds por el mejoramiento en el sistema de Salud.<\/p>\n\n\n\n<p>Haciendo referencia a los equipamientos entregados la funcionaria nacional resalt\u00f3 que \u201cson 944 las ambulancias que se est\u00e1n distribuyendo en todo el pa\u00eds, y se va a completar la distribuci\u00f3n durante este verano\u201d. \u201cEstas acciones se dan dentro un plan de reconstrucci\u00f3n del sistema de Salud que trasciende el Parque Automotor\u201d, indic\u00f3 Vizzotti.<\/p>\n\n\n\n<p>Seguidamente, agreg\u00f3 que \u201cestamos obrando para que en el primer semestre se pueda trabajar con la red de im\u00e1genes con aparatos digitales, tom\u00f3grafos, mam\u00f3grafos, equipos de rayos\u201d.<\/p>\n\n\n\n<p>En este contexto, la ministra se\u00f1al\u00f3 que \u201ctenemos un presupuesto de 500 millones de d\u00f3lares, las ambulancias para Corrientes tienen una inversi\u00f3n de casi un mill\u00f3n de d\u00f3lares\u201d.<\/p>\n\n\n\n<p>Con respecto a la conectividad de los Caps, Vizzotti manifest\u00f3 que \u201cesto es tambi\u00e9n una decisi\u00f3n pol\u00edtica, no es solo tener internet en zona rural, es acceder a consultas, a los registros para poder notificar en forma oportuna las vacunas, enfermedades, y a la vez, sirva para tener im\u00e1genes de resultados complementarios\u201d.<\/p>\n\n\n\n<p>Ante lo expuesto, la ministra remarc\u00f3 que se viene ejecutando un trabajo entre Naci\u00f3n, las provincias, y los municipios.<\/p>\n\n\n\n<p>A su vez, resalt\u00f3 que \u201cen Corrientes est\u00e1 trabajando para tener 40 Caps con esa conectividad. Ahora hay 20 conectados y estimamos que se completen los restantes antes de fin de a\u00f1o\u201d.<\/p>\n\n\n\n<p><strong>Campa\u00f1as de vacunaci\u00f3n<\/strong><\/p>\n\n\n\n<p>Por \u00faltimo, la funcionaria nacional destac\u00f3 que adem\u00e1s se encuentran trabajando en la Campa\u00f1a de Vacunaci\u00f3n de Sarampi\u00f3n, Rub\u00e9ola, Poliomielitis y Paperas, y el 63% del total pa\u00eds ya se encuentra vacunado, y que \u201cCorrientes tiene est\u00e1 m\u00e1s arriba de esta cifra\u201d.<\/p>\n\n\n\n<p>\u201cAc\u00e1 estamos para dar respuestas, Naci\u00f3n, Provincia y Municipio, para que cuenten con nosotros, y desde el Ministerio de Salud de la Naci\u00f3n seguimos empujando para adelante\u201d, finaliz\u00f3.<\/p>\n\n\n\n<p><strong>El federalismo en salud, donde \u201cla bander\u00eda pol\u00edtica no debe existir\u201d<\/strong><\/p>\n\n\n\n<p>Prosiguiendo en la palabra a Vizzotti, el ministro de Salud P\u00fablica de la Provincia, Ricardo Cardozo, destac\u00f3 que \u201cla entrega de ambulancias es una muestra del compromiso del Gobierno nacional con nosotros\u201d. Repas\u00f3 as\u00ed que \u201cmuchas cosas se deterioraron y se utilizaron much\u00edsimo durante la pandemia, y por ah\u00ed no tuvimos tiempo como para ir reponiendo, tanto lo edilicio, el equipamiento, como recursos humanos, entre otros\u201d.<\/p>\n\n\n\n<p>De esta manera, \u201cuna de las cosas que se gastaron much\u00edsimo fue el parque automotor, aunque tuvimos 2 tandas de compras a trav\u00e9s de la Provincia, esto viene a fortalecer y todav\u00eda nos resta m\u00e1s seguramente\u201d. Respecto a la conectividad, Cardozo explic\u00f3 que Corrientes \u201cal ser una Provincia muy grande y extensa, nos viene muy bien esto para poder llegar a cada lugar rural o semirural, para el manejo y provisi\u00f3n de informaci\u00f3n, la teleconsulta, poder cargar las estad\u00edsticas y los datos en tiempo y forma; la verdad que es un adelanto muy importante para esos lugares tan alejados de Capital\u201d.<\/p>\n\n\n\n<p>Adelant\u00f3 adem\u00e1s \u201clo que nos van a mandar del \u00e1rea de Recursos F\u00edsicos, como el Angi\u00f3grafo, que nos va a venir a cambiar mucho el perfil de diagn\u00f3stico y tratamiento de nuestro Hospital Escuela, sumado a aquellos equipos de Mamograf\u00eda y Rayos X para el Centro de Atenci\u00f3n Primaria de la Salud (CAPS) N\u00b02 \u00b4Dr. Emilio R. Coni\u00b4, tambi\u00e9n en Esquina, el tom\u00f3grafo para Curuz\u00fa Cuati\u00e1 y Mercedes; elementos que Carla Vizzotti se comprometi\u00f3 en enviarnos\u201d.<\/p>\n\n\n\n<p>Asimismo, \u201ctenemos pendiente la remodelaci\u00f3n del \u00e1rea de Inmunizaciones\u201d, record\u00f3 el ministro Cardozo y sostuvo que \u201cson muestras del trabajo conjunto con Naci\u00f3n, lo cual es lo que uno pretende: que el federalismo est\u00e9 presente en esta querida Rep\u00fablica y nos ayudemos, sobre todo en salud, donde la bander\u00eda pol\u00edtica no debe existir\u201d.<\/p>\n\n\n\n<p><strong>Presencias<\/strong><\/p>\n\n\n\n<p>Acompa\u00f1aron a los ministros de salud provincial y nacional, el secretario de Salud de la Municipalidad de Corrientes, Rafael Corona; subsecretarios y directores del Ministerio de Salud; directores de hospitales de la Ciudad y dem\u00e1s autoridades provinciales y municipales.<\/p>\n\n\n\n<figure class=\"wp-block-image size-large\"><img loading=\"lazy\" decoding=\"async\" width=\"1024\" height=\"634\" src=\"https:\/\/corrientesdetarde.com\/wp-content\/uploads\/2022\/12\/image-151-1024x634.png\" alt=\"\" class=\"wp-image-25945\" srcset=\"https:\/\/corrientesdetarde.com\/wp-content\/uploads\/2022\/12\/image-151-1024x634.png 1024w, https:\/\/corrientesdetarde.com\/wp-content\/uploads\/2022\/12\/image-151-300x186.png 300w, https:\/\/corrientesdetarde.com\/wp-content\/uploads\/2022\/12\/image-151-768x476.png 768w, https:\/\/corrientesdetarde.com\/wp-content\/uploads\/2022\/12\/image-151.png 1280w\" sizes=\"auto, (max-width: 1024px) 100vw, 1024px\" \/><\/figure>\n\n\n\n<figure class=\"wp-block-image size-large\"><img loading=\"lazy\" decoding=\"async\" width=\"1024\" height=\"682\" src=\"https:\/\/corrientesdetarde.com\/wp-content\/uploads\/2022\/12\/image-152-1024x682.png\" alt=\"\" class=\"wp-image-25946\" srcset=\"https:\/\/corrientesdetarde.com\/wp-content\/uploads\/2022\/12\/image-152-1024x682.png 1024w, https:\/\/corrientesdetarde.com\/wp-content\/uploads\/2022\/12\/image-152-300x200.png 300w, https:\/\/corrientesdetarde.com\/wp-content\/uploads\/2022\/12\/image-152-768x512.png 768w, https:\/\/corrientesdetarde.com\/wp-content\/uploads\/2022\/12\/image-152-272x182.png 272w, https:\/\/corrientesdetarde.com\/wp-content\/uploads\/2022\/12\/image-152.png 1280w\" sizes=\"auto, (max-width: 1024px) 100vw, 1024px\" \/><\/figure>\n\n\n\n<figure class=\"wp-block-image size-large\"><img loading=\"lazy\" decoding=\"async\" width=\"1024\" height=\"686\" src=\"https:\/\/corrientesdetarde.com\/wp-content\/uploads\/2022\/12\/image-153-1024x686.png\" alt=\"\" class=\"wp-image-25947\" srcset=\"https:\/\/corrientesdetarde.com\/wp-content\/uploads\/2022\/12\/image-153-1024x686.png 1024w, https:\/\/corrientesdetarde.com\/wp-content\/uploads\/2022\/12\/image-153-300x201.png 300w, https:\/\/corrientesdetarde.com\/wp-content\/uploads\/2022\/12\/image-153-768x515.png 768w, https:\/\/corrientesdetarde.com\/wp-content\/uploads\/2022\/12\/image-153-272x182.png 272w, https:\/\/corrientesdetarde.com\/wp-content\/uploads\/2022\/12\/image-153.png 1280w\" sizes=\"auto, (max-width: 1024px) 100vw, 1024px\" \/><\/figure>\n\n\n\n<figure class=\"wp-block-image size-large\"><img loading=\"lazy\" decoding=\"async\" width=\"1024\" height=\"682\" src=\"https:\/\/corrientesdetarde.com\/wp-content\/uploads\/2022\/12\/image-155-1024x682.png\" alt=\"\" class=\"wp-image-25950\" srcset=\"https:\/\/corrientesdetarde.com\/wp-content\/uploads\/2022\/12\/image-155-1024x682.png 1024w, https:\/\/corrientesdetarde.com\/wp-content\/uploads\/2022\/12\/image-155-300x200.png 300w, https:\/\/corrientesdetarde.com\/wp-content\/uploads\/2022\/12\/image-155-768x512.png 768w, https:\/\/corrientesdetarde.com\/wp-content\/uploads\/2022\/12\/image-155-272x182.png 272w, https:\/\/corrientesdetarde.com\/wp-content\/uploads\/2022\/12\/image-155.png 1280w\" sizes=\"auto, (max-width: 1024px) 100vw, 1024px\" \/><\/figure>\n\n\n\n<figure class=\"wp-block-image size-large\"><img loading=\"lazy\" decoding=\"async\" width=\"1024\" height=\"682\" src=\"https:\/\/corrientesdetarde.com\/wp-content\/uploads\/2022\/12\/image-157-1024x682.png\" alt=\"\" class=\"wp-image-25952\" srcset=\"https:\/\/corrientesdetarde.com\/wp-content\/uploads\/2022\/12\/image-157-1024x682.png 1024w, https:\/\/corrientesdetarde.com\/wp-content\/uploads\/2022\/12\/image-157-300x200.png 300w, https:\/\/corrientesdetarde.com\/wp-content\/uploads\/2022\/12\/image-157-768x512.png 768w, https:\/\/corrientesdetarde.com\/wp-content\/uploads\/2022\/12\/image-157-272x182.png 272w, https:\/\/corrientesdetarde.com\/wp-content\/uploads\/2022\/12\/image-157.png 1280w\" sizes=\"auto, (max-width: 1024px) 100vw, 1024px\" \/><\/figure>\n\n\n\n<figure class=\"wp-block-image size-large\"><img loading=\"lazy\" decoding=\"async\" width=\"1024\" height=\"682\" src=\"https:\/\/corrientesdetarde.com\/wp-content\/uploads\/2022\/12\/image-156-1024x682.png\" alt=\"\" class=\"wp-image-25951\" srcset=\"https:\/\/corrientesdetarde.com\/wp-content\/uploads\/2022\/12\/image-156-1024x682.png 1024w, https:\/\/corrientesdetarde.com\/wp-content\/uploads\/2022\/12\/image-156-300x200.png 300w, https:\/\/corrientesdetarde.com\/wp-content\/uploads\/2022\/12\/image-156-768x512.png 768w, https:\/\/corrientesdetarde.com\/wp-content\/uploads\/2022\/12\/image-156-272x182.png 272w, https:\/\/corrientesdetarde.com\/wp-content\/uploads\/2022\/12\/image-156.png 1280w\" sizes=\"auto, (max-width: 1024px) 100vw, 1024px\" \/><\/figure>\n\n\n\n<figure class=\"wp-block-image size-large\"><img loading=\"lazy\" decoding=\"async\" width=\"1024\" height=\"634\" src=\"https:\/\/corrientesdetarde.com\/wp-content\/uploads\/2022\/12\/image-154-1024x634.png\" alt=\"\" class=\"wp-image-25949\" srcset=\"https:\/\/corrientesdetarde.com\/wp-content\/uploads\/2022\/12\/image-154-1024x634.png 1024w, https:\/\/corrientesdetarde.com\/wp-content\/uploads\/2022\/12\/image-154-300x186.png 300w, https:\/\/corrientesdetarde.com\/wp-content\/uploads\/2022\/12\/image-154-768x476.png 768w, https:\/\/corrientesdetarde.com\/wp-content\/uploads\/2022\/12\/image-154.png 1280w\" sizes=\"auto, (max-width: 1024px) 100vw, 1024px\" \/><\/figure>\n","protected":false},"excerpt":{"rendered":"<p>Tras mantener recorrer las instalaciones de un Caps de la Ciudad, la ministra de salud de la Naci\u00f3n, Carla Vizzotti junto a su par de Corrientes, Ricardo Cardozo entregaron nueve&hellip; <\/p>\n","protected":false},"author":8,"featured_media":25948,"comment_status":"closed","ping_status":"open","sticky":false,"template":"","format":"standard","meta":{"footnotes":""},"categories":[1],"tags":[],"class_list":["post-25944","post","type-post","status-publish","format-standard","has-post-thumbnail","hentry","category-informacion-general"],"_links":{"self":[{"href":"https:\/\/corrientesdetarde.com\/index.php\/wp-json\/wp\/v2\/posts\/25944","targetHints":{"allow":["GET"]}}],"collection":[{"href":"https:\/\/corrientesdetarde.com\/index.php\/wp-json\/wp\/v2\/posts"}],"about":[{"href":"https:\/\/corrientesdetarde.com\/index.php\/wp-json\/wp\/v2\/types\/post"}],"author":[{"embeddable":true,"href":"https:\/\/corrientesdetarde.com\/index.php\/wp-json\/wp\/v2\/users\/8"}],"replies":[{"embeddable":true,"href":"https:\/\/corrientesdetarde.com\/index.php\/wp-json\/wp\/v2\/comments?post=25944"}],"version-history":[{"count":1,"href":"https:\/\/corrientesdetarde.com\/index.php\/wp-json\/wp\/v2\/posts\/25944\/revisions"}],"predecessor-version":[{"id":25953,"href":"https:\/\/corrientesdetarde.com\/index.php\/wp-json\/wp\/v2\/posts\/25944\/revisions\/25953"}],"wp:featuredmedia":[{"embeddable":true,"href":"https:\/\/corrientesdetarde.com\/index.php\/wp-json\/wp\/v2\/media\/25948"}],"wp:attachment":[{"href":"https:\/\/corrientesdetarde.com\/index.php\/wp-json\/wp\/v2\/media?parent=25944"}],"wp:term":[{"taxonomy":"category","embeddable":true,"href":"https:\/\/corrientesdetarde.com\/index.php\/wp-json\/wp\/v2\/categories?post=25944"},{"taxonomy":"post_tag","embeddable":true,"href":"https:\/\/corrientesdetarde.com\/index.php\/wp-json\/wp\/v2\/tags?post=25944"}],"curies":[{"name":"wp","href":"https:\/\/api.w.org\/{rel}","templated":true}]}}