{"id":25966,"date":"2022-12-07T18:02:13","date_gmt":"2022-12-07T21:02:13","guid":{"rendered":"https:\/\/corrientesdetarde.com\/?p=25966"},"modified":"2022-12-07T18:02:17","modified_gmt":"2022-12-07T21:02:17","slug":"cristina-kirchner-hablara-el-proximo-lunes-en-la-cumbre-del-grupo-de-puebla","status":"publish","type":"post","link":"https:\/\/corrientesdetarde.com\/index.php\/politica\/cristina-kirchner-hablara-el-proximo-lunes-en-la-cumbre-del-grupo-de-puebla\/","title":{"rendered":"Cristina Kirchner hablar\u00e1 el pr\u00f3ximo lunes en la Cumbre del Grupo de Puebla"},"content":{"rendered":"\n<p>La vicepresidenta Cristina Kirchner cerrar\u00e1 la Cumbre del Grupo de Puebla el pr\u00f3ximo lunes a las 18.30.<\/p>\n\n\n\n<p>El cierre de la Cumbre del Grupo de Puebla se realizar\u00e1 el pr\u00f3ximo lunes a las 18.30 en el Centro Cultural Kirchner (CCK) del que participar\u00e1, entre otros mandatarios, el presidente Alberto Fern\u00e1ndez y ex mandatarios de la regi\u00f3n como el de Ecuador Rafael Correa, y el de Bolivia Evo Morales.<a href=\"https:\/\/www.minutouno.com\/interior\/index.php?idCMSPortal=150&amp;idCMSIdioma=1&amp;p=nota&amp;idNota=5602481#\"><\/a><\/p>\n\n\n\n<p>El Grupo de Puebla re\u00fane presidentes y ex presidentes de Am\u00e9rica Latina y Espa\u00f1a y a juristas internacional, coordinados por Alberto Fern\u00e1ndez y el chileno Enr\u00edquez-Ominami, decidieron reunirse el pr\u00f3ximo lunes. Est\u00e1 confirmada la presencia del ex presidente espa\u00f1ol Jos\u00e9 Luis Rodr\u00edguez Zapatero y de Dilma Roussef. &#8220;Los que no est\u00e9n presentes lo estar\u00e1n v\u00eda videoconferencia&#8221;, anunci\u00f3 C5N.<\/p>\n","protected":false},"excerpt":{"rendered":"<p>La vicepresidenta Cristina Kirchner cerrar\u00e1 la Cumbre del Grupo de Puebla el pr\u00f3ximo lunes a las 18.30. El cierre de la Cumbre del Grupo de Puebla se realizar\u00e1 el pr\u00f3ximo&hellip; <\/p>\n","protected":false},"author":8,"featured_media":25967,"comment_status":"closed","ping_status":"open","sticky":false,"template":"","format":"standard","meta":{"footnotes":""},"categories":[3],"tags":[],"class_list":["post-25966","post","type-post","status-publish","format-standard","has-post-thumbnail","hentry","category-politica"],"_links":{"self":[{"href":"https:\/\/corrientesdetarde.com\/index.php\/wp-json\/wp\/v2\/posts\/25966","targetHints":{"allow":["GET"]}}],"collection":[{"href":"https:\/\/corrientesdetarde.com\/index.php\/wp-json\/wp\/v2\/posts"}],"about":[{"href":"https:\/\/corrientesdetarde.com\/index.php\/wp-json\/wp\/v2\/types\/post"}],"author":[{"embeddable":true,"href":"https:\/\/corrientesdetarde.com\/index.php\/wp-json\/wp\/v2\/users\/8"}],"replies":[{"embeddable":true,"href":"https:\/\/corrientesdetarde.com\/index.php\/wp-json\/wp\/v2\/comments?post=25966"}],"version-history":[{"count":1,"href":"https:\/\/corrientesdetarde.com\/index.php\/wp-json\/wp\/v2\/posts\/25966\/revisions"}],"predecessor-version":[{"id":25968,"href":"https:\/\/corrientesdetarde.com\/index.php\/wp-json\/wp\/v2\/posts\/25966\/revisions\/25968"}],"wp:featuredmedia":[{"embeddable":true,"href":"https:\/\/corrientesdetarde.com\/index.php\/wp-json\/wp\/v2\/media\/25967"}],"wp:attachment":[{"href":"https:\/\/corrientesdetarde.com\/index.php\/wp-json\/wp\/v2\/media?parent=25966"}],"wp:term":[{"taxonomy":"category","embeddable":true,"href":"https:\/\/corrientesdetarde.com\/index.php\/wp-json\/wp\/v2\/categories?post=25966"},{"taxonomy":"post_tag","embeddable":true,"href":"https:\/\/corrientesdetarde.com\/index.php\/wp-json\/wp\/v2\/tags?post=25966"}],"curies":[{"name":"wp","href":"https:\/\/api.w.org\/{rel}","templated":true}]}}