{"id":26092,"date":"2022-12-08T10:04:08","date_gmt":"2022-12-08T13:04:08","guid":{"rendered":"https:\/\/corrientesdetarde.com\/?p=26092"},"modified":"2022-12-08T10:07:45","modified_gmt":"2022-12-08T13:07:45","slug":"se-reactivo-el-fuego-en-campos-cercanos-al-golf-club-corrientes","status":"publish","type":"post","link":"https:\/\/corrientesdetarde.com\/index.php\/informacion-general\/se-reactivo-el-fuego-en-campos-cercanos-al-golf-club-corrientes\/","title":{"rendered":"Se reactiv\u00f3 el fuego en campos cercanos al Golf Club Corrientes."},"content":{"rendered":"\n<h2 class=\"wp-block-heading\">Bomberos trabajan en m\u00e1s de 500 metros de l\u00ednea de fuego, seg\u00fan inform\u00f3 Bruno Lovinson, Subdirector de Defensa Civil de la provincia. La zona registr\u00f3 focos activos ayer, y pudo ser controlado a las 4 de la ma\u00f1ana, pero a las 6 el fuego volvi\u00f3 a reavivarse y ahora pone en riesgo zonas pobladas.<\/h2>\n\n\n\n<p>&#8220;La situaci\u00f3n es compleja. Se pudo controlar alrededor de las 4 de la ma\u00f1ana y a las 6 se activ\u00f3 de nuevo&#8221; detall\u00f3 Bruno Lovinson, Subdirector de Defensa Civil de Corrientes, respecto a los focos activos que se encuentran en zona del Golf Club Corrientes. Detall\u00f3 que trabajan cinco dotaciones de Bomberos, son los efectivos de Capital, Santa Ana, Riachuelo y los Bomberos de la Polic\u00eda.<\/p>\n\n\n\n<p>Cont\u00f3 adem\u00e1s que hay algunas casas de la zona que corren peligro por la cercan\u00eda de las llamas que tienen un frente de aproximadamente 500 metros. &#8220;Se establece la estrategia de combate y despu\u00e9s se eval\u00faa evacuar&#8221; adelant\u00f3. &#8220;Entendemos que esto va empeorar por las altas temperaturas&#8221; se preocup\u00f3.<\/p>\n\n\n\n<p>Detall\u00f3 que el fuego se inici\u00f3 por la quema de residuos en un terreno. &#8220;Cuando se activ\u00f3 el protocolo no se lo pudo contener. A las 4 se pudo contener pero a las 6 se activ\u00f3 nuevamente&#8221;. Cabe destacar que en la tarde del mi\u00e9rcoles, se produjeron incendios en el barrio Yecoh\u00e1 y por la noche se extendi\u00f3 a la proximidad de la balanza ubicada sobre la Ruta 12.<\/p>\n\n\n\n<p>Seg\u00fan pudo constatar \u00e9poca, el principal foco \u00edgneo se gener\u00f3 en zona adyacente a Ruta Provincial 43, en campos cercanos al Golf Club Corrientes y en terrenos ubicados en el barrio Yecoh\u00e1 \u2013perteneciente al departamento Capital-.<\/p>\n\n\n\n<figure class=\"wp-block-gallery has-nested-images columns-default is-cropped wp-block-gallery-1 is-layout-flex wp-block-gallery-is-layout-flex\">\n<figure class=\"wp-block-image size-large\"><img loading=\"lazy\" decoding=\"async\" width=\"540\" height=\"720\" data-id=\"26094\" src=\"https:\/\/corrientesdetarde.com\/wp-content\/uploads\/2022\/12\/1267415h720.jpg.webp\" alt=\"\" class=\"wp-image-26094\" srcset=\"https:\/\/corrientesdetarde.com\/wp-content\/uploads\/2022\/12\/1267415h720.jpg.webp 540w, https:\/\/corrientesdetarde.com\/wp-content\/uploads\/2022\/12\/1267415h720.jpg-225x300.webp 225w\" sizes=\"auto, (max-width: 540px) 100vw, 540px\" \/><\/figure>\n\n\n\n<figure class=\"wp-block-image size-large\"><img loading=\"lazy\" decoding=\"async\" width=\"540\" height=\"720\" data-id=\"26095\" src=\"https:\/\/corrientesdetarde.com\/wp-content\/uploads\/2022\/12\/1267416h720.jpg.webp\" alt=\"\" class=\"wp-image-26095\" srcset=\"https:\/\/corrientesdetarde.com\/wp-content\/uploads\/2022\/12\/1267416h720.jpg.webp 540w, https:\/\/corrientesdetarde.com\/wp-content\/uploads\/2022\/12\/1267416h720.jpg-225x300.webp 225w\" sizes=\"auto, (max-width: 540px) 100vw, 540px\" \/><\/figure>\n<\/figure>\n\n\n\n<p><\/p>\n\n\n\n<p>Fuente: Diario \u00c9poca.<\/p>\n","protected":false},"excerpt":{"rendered":"<p>Bomberos trabajan en m\u00e1s de 500 metros de l\u00ednea de fuego, seg\u00fan inform\u00f3 Bruno Lovinson, Subdirector de Defensa Civil de la provincia. La zona registr\u00f3 focos activos ayer, y pudo&hellip; <\/p>\n","protected":false},"author":6,"featured_media":26093,"comment_status":"closed","ping_status":"open","sticky":false,"template":"","format":"standard","meta":{"footnotes":""},"categories":[1],"tags":[],"class_list":["post-26092","post","type-post","status-publish","format-standard","has-post-thumbnail","hentry","category-informacion-general"],"_links":{"self":[{"href":"https:\/\/corrientesdetarde.com\/index.php\/wp-json\/wp\/v2\/posts\/26092","targetHints":{"allow":["GET"]}}],"collection":[{"href":"https:\/\/corrientesdetarde.com\/index.php\/wp-json\/wp\/v2\/posts"}],"about":[{"href":"https:\/\/corrientesdetarde.com\/index.php\/wp-json\/wp\/v2\/types\/post"}],"author":[{"embeddable":true,"href":"https:\/\/corrientesdetarde.com\/index.php\/wp-json\/wp\/v2\/users\/6"}],"replies":[{"embeddable":true,"href":"https:\/\/corrientesdetarde.com\/index.php\/wp-json\/wp\/v2\/comments?post=26092"}],"version-history":[{"count":2,"href":"https:\/\/corrientesdetarde.com\/index.php\/wp-json\/wp\/v2\/posts\/26092\/revisions"}],"predecessor-version":[{"id":26098,"href":"https:\/\/corrientesdetarde.com\/index.php\/wp-json\/wp\/v2\/posts\/26092\/revisions\/26098"}],"wp:featuredmedia":[{"embeddable":true,"href":"https:\/\/corrientesdetarde.com\/index.php\/wp-json\/wp\/v2\/media\/26093"}],"wp:attachment":[{"href":"https:\/\/corrientesdetarde.com\/index.php\/wp-json\/wp\/v2\/media?parent=26092"}],"wp:term":[{"taxonomy":"category","embeddable":true,"href":"https:\/\/corrientesdetarde.com\/index.php\/wp-json\/wp\/v2\/categories?post=26092"},{"taxonomy":"post_tag","embeddable":true,"href":"https:\/\/corrientesdetarde.com\/index.php\/wp-json\/wp\/v2\/tags?post=26092"}],"curies":[{"name":"wp","href":"https:\/\/api.w.org\/{rel}","templated":true}]}}