{"id":26119,"date":"2022-12-08T11:34:21","date_gmt":"2022-12-08T14:34:21","guid":{"rendered":"https:\/\/corrientesdetarde.com\/?p=26119"},"modified":"2022-12-08T11:34:24","modified_gmt":"2022-12-08T14:34:24","slug":"de-paul-y-di-maria-estan-bien-afirmo-scaloni","status":"publish","type":"post","link":"https:\/\/corrientesdetarde.com\/index.php\/deportes\/de-paul-y-di-maria-estan-bien-afirmo-scaloni\/","title":{"rendered":"&#8220;De Paul y Di Mar\u00eda est\u00e1n bien&#8221;, afirm\u00f3 Scaloni."},"content":{"rendered":"\n<h2 class=\"wp-block-heading\">El entrenador del seleccionado argentino despej\u00f3 las dudas sobre el estado f\u00edsico de ambos jugadores en la conferencia de prensa previa al partido contra el conjunto neerland\u00e9s. Luego, se realizar\u00e1 el entrenamiento.<\/h2>\n\n\n\n<p>Lionel Scaloni, entrenador de la Selecci\u00f3n argentina, explic\u00f3 este jueves que Rodrigo De Paul -en duda por una lesi\u00f3n muscular- y \u00c1ngel Di Mar\u00eda &#8220;est\u00e1n bien&#8221; y se mostr\u00f3 sorprendido por informaciones sobre lesionados cuando la pr\u00e1ctica del mi\u00e9rcoles fue a puertas cerradas.<\/p>\n\n\n\n<p>&#8220;De Paul y Di Mar\u00eda, en principio, est\u00e1n bien. No puedo decir si van a jugar o no. Es extra\u00f1o que sepan que pasa algo porque el entrenamiento (de ayer) fue a puertas cerradas. No s\u00e9 de d\u00f3nde salen esas informaciones&#8221;, explic\u00f3 Scaloni en la conferencia de prensa, junto a&nbsp;Alexis Mac Allister,&nbsp;previa al partido del viernes contra Pa\u00edses Bajos por los cuartos de final del Mundial de Qatar.<\/p>\n\n\n\n<p>&#8220;Hoy tenemos el \u00faltimo entrenamiento y veremos c\u00f3mo est\u00e1n todos. Tomaremos la decisi\u00f3n en base a c\u00f3mo queremos plantear el partido y van a jugar los que est\u00e9n para jugar&#8221;, a\u00f1adi\u00f3.<\/p>\n\n\n\n<p>Luego el DT albiceleste explic\u00f3:&nbsp;&#8220;Lo vivimos con la tranquilidad de que este equipo va a dejar todo. Este es un equipo que siempre dio la cara. El partido de ma\u00f1ana va a ser lindo de ver, son dos selecciones que siempre proponen atacar&#8221;<\/p>\n\n\n\n<figure class=\"wp-block-image\"><a href=\"javascript:void(0);\"><img decoding=\"async\" src=\"https:\/\/www.telam.com.ar\/thumbs\/bluesteel\/advf\/imagenes\/2022\/12\/6389deea8a7b2_1200.jpg\" alt=\"Angel Di Mara una de las estrellas del equipo Foto Fernando Gens\"\/><\/a><figcaption>Angel Di Mar\u00eda, una de las estrellas del equipo. \/ Foto: Fernando Gens<\/figcaption><\/figure>\n\n\n\n<p>De Paul, en tanto, fue la preocupaci\u00f3n del mi\u00e9rcoles ya que inici\u00f3 la pr\u00e1ctica, a puertas cerradas, pero luego hizo trabajos diferenciados por una molestia en el isquiotibial.<\/p>\n\n\n\n<p>Frente a los rumores sobre un desgarro que lo dejar\u00eda afuera del partido del viernes y, en caso de avanzar, del resto del Mundial, el &#8220;Motor&#8221; del seleccionado se expres\u00f3 mediante su cuenta oficial de Instagram.<\/p>\n\n\n\n<p>&#8220;Todo est\u00e1 bien&#8221;, escribi\u00f3 De Paul en un mensaje junto a fotos suyas del entrenamiento del mi\u00e9rcoles para bajarle el tono a la situaci\u00f3n.<\/p>\n\n\n\n<figure class=\"wp-block-image size-full\"><img loading=\"lazy\" decoding=\"async\" width=\"948\" height=\"502\" src=\"https:\/\/corrientesdetarde.com\/wp-content\/uploads\/2022\/12\/depaul.png\" alt=\"\" class=\"wp-image-26120\" srcset=\"https:\/\/corrientesdetarde.com\/wp-content\/uploads\/2022\/12\/depaul.png 948w, https:\/\/corrientesdetarde.com\/wp-content\/uploads\/2022\/12\/depaul-300x159.png 300w, https:\/\/corrientesdetarde.com\/wp-content\/uploads\/2022\/12\/depaul-768x407.png 768w\" sizes=\"auto, (max-width: 948px) 100vw, 948px\" \/><\/figure>\n\n\n\n<p>No obstante, en el trabajo t\u00e1ctico, el jugador de Atl\u00e9tico de Madrid no estuvo y fue reemplazado por Leandro Paredes.<\/p>\n\n\n\n<p>Adem\u00e1s, Scaloni volvi\u00f3 a probar con Gonzalo Montiel y Nicol\u00e1s Tagliafico como laterales y Di Mar\u00eda estuvo entre los posibles titulares.<\/p>\n\n\n\n<p>A la espera de la \u00faltima pr\u00e1ctica que comenzar\u00e1 a las 13,&nbsp;<strong>la probable formaci\u00f3n de la Argentina ser\u00eda con Emiliano Mart\u00ednez; Montiel, Cristian Romero, Nicol\u00e1s Otamendi y Tagliafico; Mac Allister, Paredes y Enzo Fern\u00e1ndez; \u00c1ngel Di Mar\u00eda, Lionel Messi y Juli\u00e1n \u00c1lvarez.<\/strong><\/p>\n\n\n\n<p>El partido del viernes ante Pa\u00edses Bajos por los cuartos de final se jugar\u00e1 desde las 16 (22 de Qatar) en el estadio Lusail con el arbitraje del espa\u00f1ol Mateu Lahoz.<\/p>\n","protected":false},"excerpt":{"rendered":"<p>El entrenador del seleccionado argentino despej\u00f3 las dudas sobre el estado f\u00edsico de ambos jugadores en la conferencia de prensa previa al partido contra el conjunto neerland\u00e9s. Luego, se realizar\u00e1&hellip; <\/p>\n","protected":false},"author":6,"featured_media":26121,"comment_status":"closed","ping_status":"open","sticky":false,"template":"","format":"standard","meta":{"footnotes":""},"categories":[4],"tags":[],"class_list":["post-26119","post","type-post","status-publish","format-standard","has-post-thumbnail","hentry","category-deportes"],"_links":{"self":[{"href":"https:\/\/corrientesdetarde.com\/index.php\/wp-json\/wp\/v2\/posts\/26119","targetHints":{"allow":["GET"]}}],"collection":[{"href":"https:\/\/corrientesdetarde.com\/index.php\/wp-json\/wp\/v2\/posts"}],"about":[{"href":"https:\/\/corrientesdetarde.com\/index.php\/wp-json\/wp\/v2\/types\/post"}],"author":[{"embeddable":true,"href":"https:\/\/corrientesdetarde.com\/index.php\/wp-json\/wp\/v2\/users\/6"}],"replies":[{"embeddable":true,"href":"https:\/\/corrientesdetarde.com\/index.php\/wp-json\/wp\/v2\/comments?post=26119"}],"version-history":[{"count":1,"href":"https:\/\/corrientesdetarde.com\/index.php\/wp-json\/wp\/v2\/posts\/26119\/revisions"}],"predecessor-version":[{"id":26122,"href":"https:\/\/corrientesdetarde.com\/index.php\/wp-json\/wp\/v2\/posts\/26119\/revisions\/26122"}],"wp:featuredmedia":[{"embeddable":true,"href":"https:\/\/corrientesdetarde.com\/index.php\/wp-json\/wp\/v2\/media\/26121"}],"wp:attachment":[{"href":"https:\/\/corrientesdetarde.com\/index.php\/wp-json\/wp\/v2\/media?parent=26119"}],"wp:term":[{"taxonomy":"category","embeddable":true,"href":"https:\/\/corrientesdetarde.com\/index.php\/wp-json\/wp\/v2\/categories?post=26119"},{"taxonomy":"post_tag","embeddable":true,"href":"https:\/\/corrientesdetarde.com\/index.php\/wp-json\/wp\/v2\/tags?post=26119"}],"curies":[{"name":"wp","href":"https:\/\/api.w.org\/{rel}","templated":true}]}}