{"id":26123,"date":"2022-12-08T11:53:05","date_gmt":"2022-12-08T14:53:05","guid":{"rendered":"https:\/\/corrientesdetarde.com\/?p=26123"},"modified":"2022-12-08T11:53:09","modified_gmt":"2022-12-08T14:53:09","slug":"el-gobierno-confirmo-que-los-sueldos-de-menos-de-404-000-no-pagaran-el-impuesto-a-las-ganancias-desde-enero","status":"publish","type":"post","link":"https:\/\/corrientesdetarde.com\/index.php\/economia\/el-gobierno-confirmo-que-los-sueldos-de-menos-de-404-000-no-pagaran-el-impuesto-a-las-ganancias-desde-enero\/","title":{"rendered":"El Gobierno confirm\u00f3 que los sueldos de menos de $404.000 no pagar\u00e1n el Impuesto a las Ganancias desde enero."},"content":{"rendered":"\n<h2 class=\"wp-block-heading\">Sergio Massa anunci\u00f3 que la suba del piso del tributo a los salarios para el pr\u00f3ximo a\u00f1o ser\u00e1 del 78,83%. Quedar\u00e1 por debajo de la inflaci\u00f3n esperada.<\/h2>\n\n\n\n<p>El Gobierno anunci\u00f3 que desde el 1\u00b0 de enero de 2023 los salarios menores a\u00a0<strong>$404.000 brutos mensuales<\/strong>\u00a0no estar\u00e1n alcanzados por el\u00a0<strong>Impuesto a las Ganancias.<\/strong>\u00a0El anuncio lo hizo el ministro de Econom\u00eda,\u00a0<strong>Sergio Massa,<\/strong>\u00a0a trav\u00e9s de su cuenta de Twitter. La suba interanual del piso del tributo es de\u00a0<strong>78,83%\u00a0<\/strong>y quedar\u00e1\u00a0<strong>por debajo<\/strong>\u00a0de la inflaci\u00f3n esperada para este a\u00f1o.<\/p>\n\n\n\n<p>El c\u00e1lculo de alza en el piso de Ganancias surge despu\u00e9s de la difusi\u00f3n del acumulado anual de la Remuneraci\u00f3n Imponible Promedio de los Trabajadores Estables\u00a0<strong>(Ripte),<\/strong>\u00a0que se usa para actualizar cada a\u00f1o los par\u00e1metros del impuesto. De esta manera el ingreso m\u00ednimo alcanzado por el impuesto se ubicar\u00e1 22,42% por encima del actual piso, que se ubica en\u00a0<strong>$330.000<\/strong>\u00a0y rige para los dos \u00faltimos meses del 2022.<\/p>\n\n\n\n<p>El ministro de Econom\u00eda anunci\u00f3 en Twitter: \u201cCon gran esfuerzo del Estado, pero convencidos de que el salario no es ganancia, sino remuneraci\u00f3n, el 1\u00b0 de enero se actualizar\u00e1 nuevamente el piso a partir del cual se paga el Impuesto a las Ganancias, llevando&nbsp;<strong>alivio fiscal a m\u00e1s de 300.000 trabajadores<\/strong>&nbsp;que dejar\u00e1n de pagarlo\u201d.<\/p>\n\n\n\n<p>Massa dijo que \u201ccon este alivio fiscal en el 2023 ning\u00fan trabajador que cobre menos de $404.062 lo pagar\u00e1, sosteniendo tambi\u00e9n la\u00a0<strong>progresividad\u00a0<\/strong>en la entrada para evitar los saltos en las escalas del impuesto\u201d. Explic\u00f3 que \u201cadem\u00e1s, se\u00a0<strong>actualizar\u00e1n\u00a0<\/strong>las deducciones personales y los tramos de la escala del impuesto para generar alivio fiscal a los asalariados de mayores ingresos\u201d.<\/p>\n\n\n\n<figure class=\"wp-block-image\"><img decoding=\"async\" src=\"https:\/\/tn.com.ar\/resizer\/pBMW8wlnQemtkUaZjxUNdCd7iDg=\/767x0\/smart\/filters:format(webp)\/cloudfront-us-east-1.images.arcpublishing.com\/artear\/DTB3UXJCVJFP5C6ZASK5HDICNA.jpg\" alt=\"El ministro de Econom\u00eda Sergio Massa anunci\u00f3 la suba del piso del impuesto a las Ganancias (Foto: captura Twitter @SergioMassa).\"\/><figcaption>El ministro de Econom\u00eda Sergio Massa anunci\u00f3 la suba del piso del impuesto a las Ganancias (Foto: captura Twitter @SergioMassa).<\/figcaption><\/figure>\n\n\n\n<p>El titular del Palacio de Hacienda dijo que \u201cser\u00e1n&nbsp;<strong>menos de 600.000 asalariados<\/strong>&nbsp;en todo el pa\u00eds los que pagar\u00e1n el impuesto a partir de estas actualizaciones\u201d, en cumplimiento con el compromiso de que \u201cdel total de los trabajadores y trabajadoras,&nbsp;<strong>menos del 10%&nbsp;<\/strong>sean los que tributen el Impuesto a las Ganancias\u201d.<\/p>\n\n\n\n<p>El ministro de Econom\u00eda dijo que esta medida es parte del \u201ccompromiso constante de cumplir con una hoja de ruta que lleve alivio fiscal a la poblaci\u00f3n\u201d mientras se mejora \u201cel ingreso, el poder adquisitivo y la calidad de vida de la gente\u201d.<\/p>\n\n\n\n<p>A diferencia de las actualizaciones por decreto, la del&nbsp;inicio del a\u00f1o&nbsp;incluye la suba&nbsp;de m\u00ednimo no imponible (MNI), la deducci\u00f3n especial que&nbsp;eleva el umbral desde el que se tributa,&nbsp;y las&nbsp;principales deducciones&nbsp;que puede hacer el contribuyente para aliviar la carga impositiva y&nbsp;las escalas.<\/p>\n\n\n\n<h2 class=\"wp-block-heading\">La opini\u00f3n de los especialistas sobre la f\u00f3rmula para calcular las actualizaciones del impuesto a las Ganancias<\/h2>\n\n\n\n<p>El tributarista,&nbsp;<strong>Sebasti\u00e1n Dom\u00ednguez,<\/strong>&nbsp;CEO de<em>&nbsp;SDC Asesores Tributarios<\/em>, consider\u00f3 en declaraciones a&nbsp;<strong>TN<\/strong>&nbsp;que el uso del Ripte para determinar las actualizaciones en Ganancias&nbsp;<strong>\u201cno es el adecuado,<\/strong>&nbsp;porque&nbsp;<strong>no representa<\/strong>&nbsp;la distorsi\u00f3n de los valores que genera la inflaci\u00f3n\u201d.<\/p>\n\n\n\n<ul class=\"wp-block-list\"><li>Explic\u00f3 que \u201ccon una<strong>&nbsp;inflaci\u00f3n interanual cercana a 100%<\/strong>, la actualizaci\u00f3n deber\u00eda realizarse, por lo menos, en forma trimestral y autom\u00e1tica por la variaci\u00f3n del \u00edndice de precios al consumidor\u201d, y que Ganancias deber\u00eda seguir a los precios y no los salarios para las actualizaciones.<\/li><li>Dijo que entre octubre de 2021 y el mismo mes de 2022 el IPC acumulado super\u00f3 en m\u00e1s de cinco puntos al indicador salarial y que \u201cesto genera que las deducciones y escala del impuesto se actualicen<strong>&nbsp;por menos&nbsp;<\/strong>de lo que corresponder\u00eda\u201d.<\/li><\/ul>\n\n\n\n<h2 class=\"wp-block-heading\">Las claves de la suba en el piso del impuesto a las Ganancias<\/h2>\n\n\n\n<p>Dom\u00ednguez detall\u00f3 las claves a tener en cuenta en el tratamiento en Ganancias para los sueldos de&nbsp;<strong>2023:<\/strong><\/p>\n\n\n\n<h2 class=\"wp-block-heading\">Cu\u00e1l ser\u00e1 el piso de salario hasta el cual los empleados no van a pagar Ganancias en 2023<\/h2>\n\n\n\n<p>El monto de la&nbsp;<strong>remuneraci\u00f3n y\/o haber bruto para no tributar<\/strong>&nbsp;el impuesto a las Ganancias pasa de $330.000 a&nbsp;<strong>$404.062 mensuales<\/strong>&nbsp;desde el 1\u00b0 de enero de 2023. Dom\u00ednguez dijo que no se toma la remuneraci\u00f3n devengada (la que se paga) en enero 2023, sino<strong>&nbsp;lo que se perciba<\/strong>&nbsp;a partir del 1\u00b0 de enero de 2023.<\/p>\n\n\n\n<h2 class=\"wp-block-heading\">Qu\u00e9 pasar\u00e1 con los salarios que superen los $404.062 en enero de 2023<\/h2>\n\n\n\n<p>Cuando la remuneraci\u00f3n y\/o&nbsp;<strong>haber bruto mensual&nbsp;<\/strong>sea&nbsp;<strong>mayor a $404.062<\/strong>, pero&nbsp;<strong>inferior a $466.017<\/strong>, se va a poder computar un<strong>&nbsp;monto en concepto de deducci\u00f3n especial incrementada,<\/strong>&nbsp;conforme a la reglamentaci\u00f3n que dicte la Administraci\u00f3n Federal de Ingresos P\u00fablicos (AFIP).<\/p>\n\n\n\n<p>Cuando la remuneraci\u00f3n y\/o haber bruto mensual sea&nbsp;<strong>igual o superior a los $ 466.017 no corresponder\u00e1<\/strong>&nbsp;ninguna deducci\u00f3n especial adicional,&nbsp;lo que Dom\u00ednguez advirti\u00f3 que \u201cgenera un perjuicio importante\u201d.<\/p>\n\n\n\n<h2 class=\"wp-block-heading\">Cu\u00e1l ser\u00e1 el monto del aguinaldo exento en el impuesto a las Ganancias en 2023<\/h2>\n\n\n\n<p>Como sucede este a\u00f1o, si el&nbsp;<strong>promedio<\/strong>&nbsp;de la remuneraci\u00f3n y\/o&nbsp;<strong>haber bruto mensual de 2023 supera los $404.062,<\/strong>&nbsp;entonces el SAC est\u00e1&nbsp;<strong>\u00edntegramente gravado&nbsp;<\/strong>por el impuesto a las Ganancias. En cambio, si el promedio de los salarios&nbsp;<strong>no supera los $404.062,<\/strong>&nbsp;el SAC<strong>&nbsp;estar\u00e1 exento hasta la suma de $ 202.031<\/strong>&nbsp;(la mitad de $404.062).<\/p>\n","protected":false},"excerpt":{"rendered":"<p>Sergio Massa anunci\u00f3 que la suba del piso del tributo a los salarios para el pr\u00f3ximo a\u00f1o ser\u00e1 del 78,83%. Quedar\u00e1 por debajo de la inflaci\u00f3n esperada. El Gobierno anunci\u00f3&hellip; <\/p>\n","protected":false},"author":6,"featured_media":26124,"comment_status":"closed","ping_status":"open","sticky":false,"template":"","format":"standard","meta":{"footnotes":""},"categories":[20],"tags":[],"class_list":["post-26123","post","type-post","status-publish","format-standard","has-post-thumbnail","hentry","category-economia"],"_links":{"self":[{"href":"https:\/\/corrientesdetarde.com\/index.php\/wp-json\/wp\/v2\/posts\/26123","targetHints":{"allow":["GET"]}}],"collection":[{"href":"https:\/\/corrientesdetarde.com\/index.php\/wp-json\/wp\/v2\/posts"}],"about":[{"href":"https:\/\/corrientesdetarde.com\/index.php\/wp-json\/wp\/v2\/types\/post"}],"author":[{"embeddable":true,"href":"https:\/\/corrientesdetarde.com\/index.php\/wp-json\/wp\/v2\/users\/6"}],"replies":[{"embeddable":true,"href":"https:\/\/corrientesdetarde.com\/index.php\/wp-json\/wp\/v2\/comments?post=26123"}],"version-history":[{"count":1,"href":"https:\/\/corrientesdetarde.com\/index.php\/wp-json\/wp\/v2\/posts\/26123\/revisions"}],"predecessor-version":[{"id":26125,"href":"https:\/\/corrientesdetarde.com\/index.php\/wp-json\/wp\/v2\/posts\/26123\/revisions\/26125"}],"wp:featuredmedia":[{"embeddable":true,"href":"https:\/\/corrientesdetarde.com\/index.php\/wp-json\/wp\/v2\/media\/26124"}],"wp:attachment":[{"href":"https:\/\/corrientesdetarde.com\/index.php\/wp-json\/wp\/v2\/media?parent=26123"}],"wp:term":[{"taxonomy":"category","embeddable":true,"href":"https:\/\/corrientesdetarde.com\/index.php\/wp-json\/wp\/v2\/categories?post=26123"},{"taxonomy":"post_tag","embeddable":true,"href":"https:\/\/corrientesdetarde.com\/index.php\/wp-json\/wp\/v2\/tags?post=26123"}],"curies":[{"name":"wp","href":"https:\/\/api.w.org\/{rel}","templated":true}]}}