{"id":26130,"date":"2022-12-08T12:18:01","date_gmt":"2022-12-08T15:18:01","guid":{"rendered":"https:\/\/corrientesdetarde.com\/?p=26130"},"modified":"2022-12-08T12:18:05","modified_gmt":"2022-12-08T15:18:05","slug":"trabajadores-de-prensa-del-grupo-clarin-repudiaron-el-viaje-a-lago-escondido","status":"publish","type":"post","link":"https:\/\/corrientesdetarde.com\/index.php\/politica\/trabajadores-de-prensa-del-grupo-clarin-repudiaron-el-viaje-a-lago-escondido\/","title":{"rendered":"Trabajadores de prensa del Grupo Clar\u00edn repudiaron el viaje a Lago Escondido."},"content":{"rendered":"\n<h2 class=\"wp-block-heading\">&#8220;Ante los recientes hechos de p\u00fablico conocimiento desde la Comisi\u00f3n Interna de Clar\u00edn\/AGEA nos vemos en la obligaci\u00f3n de volver a aclarar algo elemental: quienes trabajamos en Clar\u00edn no somos la empresa&#8221;, planteron los delegados enrolados en el Sindicato de Prensa de Buenos Aires (SiPreBA).<\/h2>\n\n\n\n<p>La Comisi\u00f3n Interna de trabajadores de Clar\u00edn\/AGEA manifest\u00f3 su repudio a que la empresa dirija fondos a &#8220;reuniones que son parte de un lobby ilegal y \u00e9ticamente cuestionable&#8221; en respuesta a las filtraciones de un viaje a Lago Escondido que involucra a directivos de ese grupo de comunicaci\u00f3n y remarcaron que los trabajadores del medio &#8220;no tienen nada que ver con eso&#8221;.<\/p>\n\n\n\n<p>&#8220;Ante los recientes hechos de p\u00fablico conocimiento desde la Comisi\u00f3n Interna de Clar\u00edn\/AGEA nos vemos en la obligaci\u00f3n de volver a aclarar algo elemental: quienes trabajamos en Clar\u00edn no somos la empresa&#8221;, se\u00f1alaron en una publicaci\u00f3n en Twitter los delegados sindicales de la empresa, enrolados en el Sindicato de Prensa de Buenos Aires (SiPreBA).<\/p>\n\n\n\n<figure class=\"wp-block-embed is-type-rich is-provider-twitter wp-block-embed-twitter\"><div class=\"wp-block-embed__wrapper\">\n<blockquote class=\"twitter-tweet\" data-width=\"550\" data-dnt=\"true\"><p lang=\"es\" dir=\"ltr\">Ante los recientes hechos de p\u00fablico conocimiento desde la Comisi\u00f3n Interna de Clar\u00edn\/AGEA nos vemos en la obligaci\u00f3n de volver a aclarar algo elemental: quienes trabajamos en Clar\u00edn no somos la empresa.<\/p>&mdash; Comisi\u00f3n Interna Clar\u00edn (@delegadosclarin) <a href=\"https:\/\/twitter.com\/delegadosclarin\/status\/1600665951250264064?ref_src=twsrc%5Etfw\">December 8, 2022<\/a><\/blockquote><script async src=\"https:\/\/platform.twitter.com\/widgets.js\" charset=\"utf-8\"><\/script>\n<\/div><\/figure>\n\n\n\n<p>De esta forma, los trabajadores manifestaron su rechazo al viaje que habr\u00edan realizado en el mes de octubre pasado los directivos del grupo Clar\u00edn Pablo Casey, sobrino de H\u00e9ctor Magnetto y director de Asuntos Legales e Institucionales de Telecom, y Jorge Rendo, director de Asuntos Exteriores del Grupo Clar\u00edn junto a funcionarios porte\u00f1os, magistrados y un exagente de la Agencia Federal de Inteligencia (AFI) a una propiedad del magnate ingl\u00e9s Joe Lewis en Lago Escondido, Bariloche.<\/p>\n\n\n\n<p><strong>&#8220;Nosotros no tenemos el control sobre las decisiones corporativas, ni mucho menos sobre los activos de una empresa que condena a una mayor\u00eda a vivir con salarios por debajo de la l\u00ednea de la pobreza&#8221;<\/strong>, remarcaron los trabajadores.<\/p>\n\n\n\n<p>Desde la comisi\u00f3n consideraron que &#8220;es repudiable&#8221; que ante la &#8220;paup\u00e9rrima situaci\u00f3n salarial&#8221; de los trabajadores, el Grupo Clar\u00edn &#8220;dirija fondos (que deber\u00edan ir para pagar sueldos dignos) a financiar gastos onerosos de sus directivos y de jueces y pol\u00edticos en reuniones que son parte de un lobby ilegal y \u00e9ticamente cuestionable&#8221;.<\/p>\n\n\n\n<figure class=\"wp-block-embed is-type-rich is-provider-twitter wp-block-embed-twitter\"><div class=\"wp-block-embed__wrapper\">\n<blockquote class=\"twitter-tweet\" data-width=\"550\" data-dnt=\"true\"><p lang=\"es\" dir=\"ltr\">\ud83c\udf85\ud83c\udffb COMO CLAR\u00cdN NO ESCUCHA, LE PEDIMOS SALARIOS DIGNOS A PAP\u00c1 NOEL (y <a href=\"https:\/\/twitter.com\/hashtag\/SiPreBAenParitarias?src=hash&amp;ref_src=twsrc%5Etfw\">#SiPreBAenParitarias<\/a> \ud83c\udf81)<br><br>\ud83c\udd98 Desde la Asamblea de Clar\u00edn, Ol\u00e9 y productos de AGEA recurrimos a nueva forma de reclamar por una recomposici\u00f3n salarial urgente y una mesa de di\u00e1logo con la empresa. <a href=\"https:\/\/t.co\/LLb8sOFZdR\">pic.twitter.com\/LLb8sOFZdR<\/a><\/p>&mdash; Comisi\u00f3n Interna Clar\u00edn (@delegadosclarin) <a href=\"https:\/\/twitter.com\/delegadosclarin\/status\/1598827636343676930?ref_src=twsrc%5Etfw\">December 2, 2022<\/a><\/blockquote><script async src=\"https:\/\/platform.twitter.com\/widgets.js\" charset=\"utf-8\"><\/script>\n<\/div><\/figure>\n\n\n\n<p>&#8220;Nuestro trabajo y nuestro periodismo nada tienen que ver con eso&#8221;, insistieron.<\/p>\n","protected":false},"excerpt":{"rendered":"<p>&#8220;Ante los recientes hechos de p\u00fablico conocimiento desde la Comisi\u00f3n Interna de Clar\u00edn\/AGEA nos vemos en la obligaci\u00f3n de volver a aclarar algo elemental: quienes trabajamos en Clar\u00edn no somos&hellip; <\/p>\n","protected":false},"author":6,"featured_media":26131,"comment_status":"closed","ping_status":"open","sticky":false,"template":"","format":"standard","meta":{"footnotes":""},"categories":[3],"tags":[],"class_list":["post-26130","post","type-post","status-publish","format-standard","has-post-thumbnail","hentry","category-politica"],"_links":{"self":[{"href":"https:\/\/corrientesdetarde.com\/index.php\/wp-json\/wp\/v2\/posts\/26130","targetHints":{"allow":["GET"]}}],"collection":[{"href":"https:\/\/corrientesdetarde.com\/index.php\/wp-json\/wp\/v2\/posts"}],"about":[{"href":"https:\/\/corrientesdetarde.com\/index.php\/wp-json\/wp\/v2\/types\/post"}],"author":[{"embeddable":true,"href":"https:\/\/corrientesdetarde.com\/index.php\/wp-json\/wp\/v2\/users\/6"}],"replies":[{"embeddable":true,"href":"https:\/\/corrientesdetarde.com\/index.php\/wp-json\/wp\/v2\/comments?post=26130"}],"version-history":[{"count":1,"href":"https:\/\/corrientesdetarde.com\/index.php\/wp-json\/wp\/v2\/posts\/26130\/revisions"}],"predecessor-version":[{"id":26132,"href":"https:\/\/corrientesdetarde.com\/index.php\/wp-json\/wp\/v2\/posts\/26130\/revisions\/26132"}],"wp:featuredmedia":[{"embeddable":true,"href":"https:\/\/corrientesdetarde.com\/index.php\/wp-json\/wp\/v2\/media\/26131"}],"wp:attachment":[{"href":"https:\/\/corrientesdetarde.com\/index.php\/wp-json\/wp\/v2\/media?parent=26130"}],"wp:term":[{"taxonomy":"category","embeddable":true,"href":"https:\/\/corrientesdetarde.com\/index.php\/wp-json\/wp\/v2\/categories?post=26130"},{"taxonomy":"post_tag","embeddable":true,"href":"https:\/\/corrientesdetarde.com\/index.php\/wp-json\/wp\/v2\/tags?post=26130"}],"curies":[{"name":"wp","href":"https:\/\/api.w.org\/{rel}","templated":true}]}}