{"id":26133,"date":"2022-12-08T12:22:53","date_gmt":"2022-12-08T15:22:53","guid":{"rendered":"https:\/\/corrientesdetarde.com\/?p=26133"},"modified":"2022-12-08T12:22:58","modified_gmt":"2022-12-08T15:22:58","slug":"papu-gomez-quiso-copiar-el-look-de-david-beckham-y-las-redes-explotaron-separados-al-nacer","status":"publish","type":"post","link":"https:\/\/corrientesdetarde.com\/index.php\/deportes\/papu-gomez-quiso-copiar-el-look-de-david-beckham-y-las-redes-explotaron-separados-al-nacer\/","title":{"rendered":"Papu G\u00f3mez quiso copiar el look de David Beckham y las redes explotaron: \u201cSeparados al nacer\u201d."},"content":{"rendered":"\n<h2 class=\"wp-block-heading\">El volante de la Selecci\u00f3n argentina tuvo una divertida charla por stream con Lionel Messi y el Kun Ag\u00fcero y se lament\u00f3 por el corte.<\/h2>\n\n\n\n<p><strong>Alejandro \u201cPupal\u201d G\u00f3mez<\/strong>\u00a0es uno de los futbolistas m\u00e1s divertidos de la<strong>\u00a0Selecci\u00f3n argentina<\/strong>. Con sus ocurrencias siempre est\u00e1 para sacar alguna sonrisa y en este caso, todo tuvo que ver con su corte de pelo. Es que<strong>\u00a0en medio de un stream con el Kun Ag\u00fcero y Lionel Messi\u00a0<\/strong>hizo p\u00fablico su nuevo look en el que cont\u00f3 que intent\u00f3 parecerse a\u00a0<strong>David Beckham<\/strong>, el exfutbolista y modelo ingl\u00e9s.<\/p>\n\n\n\n<p>La nota comenz\u00f3 con Ag\u00fcero y Messi, mano a mano. Pero luego apareci\u00f3 el Papu y, poco a poco, se sent\u00f3 a un costado del crack rosarino. En ese momento no tardaron en burlarse de su<strong>\u00a0cambio de look<\/strong>, situaci\u00f3n que desat\u00f3 las risas de todos, incluidas las m\u00e1s de<strong>\u00a0275 mil personas<\/strong>\u00a0que estaban conectadas en el stream.<\/p>\n\n\n\n<p>El Papu sorprendi\u00f3 al pelarse casi al ras. Entre risas,&nbsp;<strong>Messi lanz\u00f3 una encuesta<\/strong>: \u201cPreg\u00fantales a los que est\u00e1n ah\u00ed (por los espectadores)&nbsp;<strong>a qui\u00e9n se parece<\/strong>\u201d. Las respuestas de los usuarios fueron ins\u00f3litas:&nbsp;<strong>\u201cSampaoli, Pitbull, Krilin de Dragon Ball<\/strong>\u201d, entre otros.<\/p>\n\n\n\n<figure class=\"wp-block-image\"><img decoding=\"async\" src=\"https:\/\/tn.com.ar\/resizer\/FGVWbC89OXqyVvBV3dG0RS_jbVs=\/767x0\/smart\/filters:format(webp)\/cloudfront-us-east-1.images.arcpublishing.com\/artear\/PTHFP5J3ZBDVHLEQYMLT2OQVTQ.jpg\" alt=\"Papu G\u00f3mez mostr\u00f3 su nuevo look en el que quiso imitar a David Beckham.\"\/><figcaption>Papu G\u00f3mez mostr\u00f3 su nuevo look en el que quiso imitar a David Beckham.<\/figcaption><\/figure>\n\n\n\n<p>Hasta que el Papu revel\u00f3 que<strong>&nbsp;su intenci\u00f3n era parecerse al ingl\u00e9s David Beckham<\/strong>&nbsp;y todo se fue de control. Si antes se re\u00edan, a partir de ese momento las burlas se dispararon a\u00fan m\u00e1s.<\/p>\n\n\n\n<h2 class=\"wp-block-heading\">Bromas y burlas en las redes por el parecido del Papu G\u00f3mez con David Beckham<\/h2>\n\n\n\n<p>Las redes no tardaron en reaccionar al&nbsp;<strong>simp\u00e1tico cambio de look del Papu<\/strong>, que con mucha autoestima intent\u00f3 parecerse a David Beckham, uno de los futbolistas m\u00e1s facheros de los \u00faltimos tiempos.<\/p>\n\n\n\n<p>El ingl\u00e9s no solo trascendi\u00f3 en el mundo de la redonda por su calidad como jugador, sino que tambi\u00e9n hizo millones de d\u00f3lares gracias a su belleza.<\/p>\n\n\n\n<figure class=\"wp-block-embed is-type-rich is-provider-twitter wp-block-embed-twitter\"><div class=\"wp-block-embed__wrapper\">\n<blockquote class=\"twitter-tweet\" data-width=\"550\" data-dnt=\"true\"><p lang=\"es\" dir=\"ltr\">El papu en el stream del Kun diciendo que se cort\u00f3 el pelo y la barba como David Beckham.<br>Como cre\u00eda que se ve\u00eda \/ como en realidad se ve\u00eda <a href=\"https:\/\/t.co\/bDwE6MtYcJ\">pic.twitter.com\/bDwE6MtYcJ<\/a><\/p>&mdash; Vasco (@VascoAgustin_) <a href=\"https:\/\/twitter.com\/VascoAgustin_\/status\/1600700730691969024?ref_src=twsrc%5Etfw\">December 8, 2022<\/a><\/blockquote><script async src=\"https:\/\/platform.twitter.com\/widgets.js\" charset=\"utf-8\"><\/script>\n<\/div><\/figure>\n\n\n\n<figure class=\"wp-block-embed is-type-rich is-provider-twitter wp-block-embed-twitter\"><div class=\"wp-block-embed__wrapper\">\n<blockquote class=\"twitter-tweet\" data-width=\"550\" data-dnt=\"true\"><p lang=\"cy\" dir=\"ltr\">David Beckham = Papu Gomez <a href=\"https:\/\/t.co\/Vhc2GewCNi\">pic.twitter.com\/Vhc2GewCNi<\/a><\/p>&mdash; cami montes (@camii_montes_) <a href=\"https:\/\/twitter.com\/camii_montes_\/status\/1600678642543390720?ref_src=twsrc%5Etfw\">December 8, 2022<\/a><\/blockquote><script async src=\"https:\/\/platform.twitter.com\/widgets.js\" charset=\"utf-8\"><\/script>\n<\/div><\/figure>\n\n\n\n<figure class=\"wp-block-embed is-type-rich is-provider-twitter wp-block-embed-twitter\"><div class=\"wp-block-embed__wrapper\">\n<blockquote class=\"twitter-tweet\" data-width=\"550\" data-dnt=\"true\"><p lang=\"es\" dir=\"ltr\">El autoestima del Papu Gomez creyendo que se parece a ni mas ni menos que  David Beckham me representa.<br>\ud83d\ude46\ud83c\udffb\u200d\u2640\ufe0f siempre terraza nunca s\u00f3tano reinaaaaaaaa\ud83d\ude46\ud83c\udffb\u200d\u2640\ufe0f\ud83d\udcab<\/p>&mdash; Anastasia con S (@Anasrequejo) <a href=\"https:\/\/twitter.com\/Anasrequejo\/status\/1600678325499752449?ref_src=twsrc%5Etfw\">December 8, 2022<\/a><\/blockquote><script async src=\"https:\/\/platform.twitter.com\/widgets.js\" charset=\"utf-8\"><\/script>\n<\/div><\/figure>\n\n\n\n<figure class=\"wp-block-embed is-type-rich is-provider-twitter wp-block-embed-twitter\"><div class=\"wp-block-embed__wrapper\">\n<blockquote class=\"twitter-tweet\" data-width=\"550\" data-dnt=\"true\"><p lang=\"es\" dir=\"ltr\">El Papu G\u00f3mez diciendo que se parece a David Beckham..<br>La cara de Messi: \ud83e\udd23\ud83e\udd23\ud83e\udd23\ud83e\udd23\ud83e\udd23\ud83e\udd23\ud83e\udd23\ud83e\udd23\ud83e\udd23\ud83e\udd23\ud83e\udd23\ud83e\udd23\ud83e\udd23\ud83e\udd23\ud83e\udd23\ud83e\udd23\ud83e\udd23\ud83e\udd23\ud83e\udd23 <a href=\"https:\/\/t.co\/bE5ebgDi7e\">pic.twitter.com\/bE5ebgDi7e<\/a><\/p>&mdash; AnaDeportes (@Ana_deportes) <a href=\"https:\/\/twitter.com\/Ana_deportes\/status\/1600668926660075520?ref_src=twsrc%5Etfw\">December 8, 2022<\/a><\/blockquote><script async src=\"https:\/\/platform.twitter.com\/widgets.js\" charset=\"utf-8\"><\/script>\n<\/div><\/figure>\n\n\n\n<figure class=\"wp-block-embed is-type-rich is-provider-twitter wp-block-embed-twitter\"><div class=\"wp-block-embed__wrapper\">\n<blockquote class=\"twitter-tweet\" data-width=\"550\" data-dnt=\"true\"><p lang=\"es\" dir=\"ltr\">El Papu Gomez y David Beckham, separados al nacer <a href=\"https:\/\/t.co\/BbsErFqqpX\">pic.twitter.com\/BbsErFqqpX<\/a><\/p>&mdash; Forever Winter (Taylor&#39;s Version) (@Karinagtr) <a href=\"https:\/\/twitter.com\/Karinagtr\/status\/1600659399780933637?ref_src=twsrc%5Etfw\">December 8, 2022<\/a><\/blockquote><script async src=\"https:\/\/platform.twitter.com\/widgets.js\" charset=\"utf-8\"><\/script>\n<\/div><\/figure>\n","protected":false},"excerpt":{"rendered":"<p>El volante de la Selecci\u00f3n argentina tuvo una divertida charla por stream con Lionel Messi y el Kun Ag\u00fcero y se lament\u00f3 por el corte. Alejandro \u201cPupal\u201d G\u00f3mez\u00a0es uno de&hellip; <\/p>\n","protected":false},"author":6,"featured_media":26134,"comment_status":"closed","ping_status":"open","sticky":false,"template":"","format":"standard","meta":{"footnotes":""},"categories":[4],"tags":[],"class_list":["post-26133","post","type-post","status-publish","format-standard","has-post-thumbnail","hentry","category-deportes"],"_links":{"self":[{"href":"https:\/\/corrientesdetarde.com\/index.php\/wp-json\/wp\/v2\/posts\/26133","targetHints":{"allow":["GET"]}}],"collection":[{"href":"https:\/\/corrientesdetarde.com\/index.php\/wp-json\/wp\/v2\/posts"}],"about":[{"href":"https:\/\/corrientesdetarde.com\/index.php\/wp-json\/wp\/v2\/types\/post"}],"author":[{"embeddable":true,"href":"https:\/\/corrientesdetarde.com\/index.php\/wp-json\/wp\/v2\/users\/6"}],"replies":[{"embeddable":true,"href":"https:\/\/corrientesdetarde.com\/index.php\/wp-json\/wp\/v2\/comments?post=26133"}],"version-history":[{"count":1,"href":"https:\/\/corrientesdetarde.com\/index.php\/wp-json\/wp\/v2\/posts\/26133\/revisions"}],"predecessor-version":[{"id":26135,"href":"https:\/\/corrientesdetarde.com\/index.php\/wp-json\/wp\/v2\/posts\/26133\/revisions\/26135"}],"wp:featuredmedia":[{"embeddable":true,"href":"https:\/\/corrientesdetarde.com\/index.php\/wp-json\/wp\/v2\/media\/26134"}],"wp:attachment":[{"href":"https:\/\/corrientesdetarde.com\/index.php\/wp-json\/wp\/v2\/media?parent=26133"}],"wp:term":[{"taxonomy":"category","embeddable":true,"href":"https:\/\/corrientesdetarde.com\/index.php\/wp-json\/wp\/v2\/categories?post=26133"},{"taxonomy":"post_tag","embeddable":true,"href":"https:\/\/corrientesdetarde.com\/index.php\/wp-json\/wp\/v2\/tags?post=26133"}],"curies":[{"name":"wp","href":"https:\/\/api.w.org\/{rel}","templated":true}]}}