{"id":26136,"date":"2022-12-08T16:10:37","date_gmt":"2022-12-08T19:10:37","guid":{"rendered":"https:\/\/corrientesdetarde.com\/?p=26136"},"modified":"2022-12-08T16:49:46","modified_gmt":"2022-12-08T19:49:46","slug":"murio-pinky-una-de-las-conductoras-mas-eblematicas-de-la-television-argentina","status":"publish","type":"post","link":"https:\/\/corrientesdetarde.com\/index.php\/espectaculos\/murio-pinky-una-de-las-conductoras-mas-eblematicas-de-la-television-argentina\/","title":{"rendered":"Muri\u00f3 Pinky, una de las conductoras m\u00e1s emblem\u00e1ticas de la televisi\u00f3n argentina."},"content":{"rendered":"\n<h2 class=\"wp-block-heading\">Ten\u00eda 87 a\u00f1os y fue una de las animadoras m\u00e1s importantes de los medios.<\/h2>\n\n\n\n<p>A los 87 a\u00f1os, muri\u00f3&nbsp;<strong>Pinky<\/strong>, una de las conductoras&nbsp;<strong>m\u00e1s importantes de la televisi\u00f3n argentina<\/strong>.<\/p>\n\n\n\n<p>Seg\u00fan el parte policial al que pudo acceder este medio<strong>, la conductora falleci\u00f3 en su casa<\/strong>&nbsp;de Rep\u00fablica \u00c1rabe Siria al 2800 junto a su hijo, que fue quien se comunic\u00f3 con el 911 para alertar de la situaci\u00f3n.<\/p>\n\n\n\n<h2 class=\"wp-block-heading\">Cu\u00e1l fue la causa de la muerte de Pinky<\/h2>\n\n\n\n<p>Si bien las razones del fallecimiento de la periodista se conocer\u00e1n con detalle con el correr de las horas, el informe policial que recibi\u00f3&nbsp;<strong>TN Show&nbsp;<\/strong>aclara que la conductora&nbsp;<strong>muri\u00f3 \u201csin signos de violencia\u201d.<\/strong><\/p>\n\n\n\n<figure class=\"wp-block-image\"><img decoding=\"async\" src=\"https:\/\/tn.com.ar\/resizer\/i1v5gJQ0Sy9LmbGOpeXI28DDC-w=\/767x0\/smart\/filters:format(webp)\/cloudfront-us-east-1.images.arcpublishing.com\/artear\/7AJ5JRJV6PC4AXHRT5EDEGGKKU.jpg\" alt=\"Pinky y Cacho Fontana, cuando hicieron el programa por las Malvinas. (Foto: captura TV P\u00fablica)\"\/><figcaption>Pinky y Cacho Fontana, cuando hicieron el programa por las Malvinas. (Foto: captura TV P\u00fablica)<\/figcaption><\/figure>\n\n\n\n<p>Desde hac\u00eda meses, el entorno de la periodista hab\u00eda alertado por la desmejora de&nbsp;<strong>Pinky<\/strong>, sobre todo desde que se<strong>&nbsp;inici\u00f3 la pandemia en 2020.<\/strong><\/p>\n\n\n\n<p>Seg\u00fan hab\u00eda contado su hijo menor, la conductora pod\u00eda caminar antes de que explotara el COVID-19, pero despu\u00e9s del<strong>&nbsp;encierro qued\u00f3 postrada en una cama.<\/strong><\/p>\n\n\n\n<h2 class=\"wp-block-heading\">Qui\u00e9n era Pinky, \u201cla mujer televisi\u00f3n\u201d<\/h2>\n\n\n\n<p><strong>Lidia Elsa Satragno<\/strong>&nbsp;hab\u00eda nacido el&nbsp;<strong>11 de noviembre de 1935&nbsp;<\/strong>en San Justo, provincia de Buenos Aires. Adem\u00e1s de periodista fue&nbsp;<strong>modelo, conductora y pol\u00edtica:<\/strong>&nbsp;lleg\u00f3 a ser diputada y candidata a intendenta de La Matanza.<\/p>\n\n\n\n<figure class=\"wp-block-image\"><img decoding=\"async\" src=\"https:\/\/tn.com.ar\/resizer\/kh3YyiorKMImTbO4GGcxer_YegM=\/767x0\/smart\/filters:format(webp)\/cloudfront-us-east-1.images.arcpublishing.com\/artear\/S7N7OEZUOVGA7OITZIDJH2RJ3A.jpg\" alt=\"Lidia \u201cPinky\u201d Satragno en la primera transmisi\u00f3n a color de la televisi\u00f3n argentina. (Foto: captura TV)\"\/><figcaption>Lidia \u201cPinky\u201d Satragno en la primera transmisi\u00f3n a color de la televisi\u00f3n argentina. (Foto: captura TV)<\/figcaption><\/figure>\n\n\n\n<p>Uno de los momentos m\u00e1s importantes de su vida profesional en los medios fue cuando&nbsp;<strong>present\u00f3 el cambio de la televisi\u00f3n blanco y negro al color<\/strong>. Ese instante qued\u00f3 para la historia y su figura siempre qued\u00f3 ligada a la TV.<\/p>\n\n\n\n<p>En la d\u00e9cada del \u201850,&nbsp;<strong>Pinky&nbsp;<\/strong>inici\u00f3 su carrera como modelo y actriz. Lleg\u00f3 a trabajar, incluso, en teatro.&nbsp;<strong>Pero luego se volc\u00f3 a conducir en televisi\u00f3n, su gran pasi\u00f3n<\/strong>: durante d\u00e9cadas fue una de las grandes presentadoras de la pantalla chica.<\/p>\n\n\n\n<p>A lo largo de su vida, Pinky se puso&nbsp;<strong>a la cabeza de ciclos period\u00edsticos de diferente estilo y forma<\/strong>.&nbsp;<em>Buenos d\u00edas Pinky<\/em>,&nbsp;<em>Reuni\u00f3n de mujeres<\/em>,&nbsp;<em>Buenas Noches Pinky<\/em>,&nbsp;<em>Miss Broadway<\/em>,&nbsp;<em>Nosotros<\/em>,&nbsp;<em>Incomunicados<\/em>,&nbsp;<em>Teleonce Informa<\/em>,&nbsp;<em>El Pueblo quiere saber<\/em>,&nbsp;<em>A la noche Pinky<\/em>,&nbsp;<em>Femin\u00edsima<\/em>,&nbsp;<em>Con sabor a Pinky<\/em>,&nbsp;<em>Pinky y la noticia<\/em>,&nbsp;<em>A los Ingleses con humor<\/em>,&nbsp;<em>Pinky y Fontana en persona<\/em>,&nbsp;<em>Pinky y el arte<\/em>,&nbsp;<em>Teled\u00f3s Informa<\/em>,&nbsp;<em>Telepinky<\/em>,&nbsp;<em>Parece que fue ayer&nbsp;<\/em>y&nbsp;<em>La conversaci\u00f3n<\/em>, entre otros.<\/p>\n\n\n\n<p>Tambi\u00e9n fue la cara de un ciclo de periodismo hist\u00f3rico que buscaba recuperar momentos de archivo televisivo que tuvo diferentes nombres:&nbsp;<em>La Argentina del 2000<\/em>,&nbsp;<em>La D\u00e9cada del 60<\/em>,&nbsp;<em>La D\u00e9cada del 70<\/em>,&nbsp;<em>La D\u00e9cada del 80<\/em>.<\/p>\n\n\n\n<figure class=\"wp-block-image\"><img decoding=\"async\" src=\"https:\/\/tn.com.ar\/resizer\/vQYChTQXy-6kChmn_eBXbU83bV0=\/767x0\/smart\/filters:format(webp)\/cloudfront-us-east-1.images.arcpublishing.com\/artear\/YBJEEAEN2VFIXKOR5WPFOCD7RU.jpg\" alt=\"Ra\u00fal Lavie y Pinky en la tapa de TV Guia. (Foto: Archivo TV Guia)\"\/><figcaption>Ra\u00fal Lavie y Pinky en la tapa de TV Guia. (Foto: Archivo TV Guia)<\/figcaption><\/figure>\n\n\n\n<p>En 1982 condujo junto a&nbsp;<strong>Cacho Fontana&nbsp;<\/strong><em>Las 24 horas de las Malvinas<\/em>, uno de sus momentos m\u00e1s recordados:<strong>&nbsp;el ciclo buscaba juntar fondos y comida para los combatientes de la guerra.<\/strong><\/p>\n\n\n\n<p>El gran amor de su vida fue el cantante&nbsp;<strong>Ra\u00fal Lavie<\/strong>, con quien estuvo casada. Junto a \u00e9l tuvo dos hijos,&nbsp;<strong>Leonardo<\/strong>, que muri\u00f3 en 2019, y&nbsp;<strong>Gast\u00f3n<\/strong>, m\u00fasico como su padre.<\/p>\n\n\n\n<p><\/p>\n\n\n\n<p>Fuente: TN.<\/p>\n","protected":false},"excerpt":{"rendered":"<p>Ten\u00eda 87 a\u00f1os y fue una de las animadoras m\u00e1s importantes de los medios. A los 87 a\u00f1os, muri\u00f3&nbsp;Pinky, una de las conductoras&nbsp;m\u00e1s importantes de la televisi\u00f3n argentina. Seg\u00fan el&hellip; <\/p>\n","protected":false},"author":6,"featured_media":26137,"comment_status":"closed","ping_status":"open","sticky":false,"template":"","format":"standard","meta":{"footnotes":""},"categories":[19],"tags":[],"class_list":["post-26136","post","type-post","status-publish","format-standard","has-post-thumbnail","hentry","category-espectaculos"],"_links":{"self":[{"href":"https:\/\/corrientesdetarde.com\/index.php\/wp-json\/wp\/v2\/posts\/26136","targetHints":{"allow":["GET"]}}],"collection":[{"href":"https:\/\/corrientesdetarde.com\/index.php\/wp-json\/wp\/v2\/posts"}],"about":[{"href":"https:\/\/corrientesdetarde.com\/index.php\/wp-json\/wp\/v2\/types\/post"}],"author":[{"embeddable":true,"href":"https:\/\/corrientesdetarde.com\/index.php\/wp-json\/wp\/v2\/users\/6"}],"replies":[{"embeddable":true,"href":"https:\/\/corrientesdetarde.com\/index.php\/wp-json\/wp\/v2\/comments?post=26136"}],"version-history":[{"count":2,"href":"https:\/\/corrientesdetarde.com\/index.php\/wp-json\/wp\/v2\/posts\/26136\/revisions"}],"predecessor-version":[{"id":26161,"href":"https:\/\/corrientesdetarde.com\/index.php\/wp-json\/wp\/v2\/posts\/26136\/revisions\/26161"}],"wp:featuredmedia":[{"embeddable":true,"href":"https:\/\/corrientesdetarde.com\/index.php\/wp-json\/wp\/v2\/media\/26137"}],"wp:attachment":[{"href":"https:\/\/corrientesdetarde.com\/index.php\/wp-json\/wp\/v2\/media?parent=26136"}],"wp:term":[{"taxonomy":"category","embeddable":true,"href":"https:\/\/corrientesdetarde.com\/index.php\/wp-json\/wp\/v2\/categories?post=26136"},{"taxonomy":"post_tag","embeddable":true,"href":"https:\/\/corrientesdetarde.com\/index.php\/wp-json\/wp\/v2\/tags?post=26136"}],"curies":[{"name":"wp","href":"https:\/\/api.w.org\/{rel}","templated":true}]}}