{"id":26139,"date":"2022-12-08T16:15:39","date_gmt":"2022-12-08T19:15:39","guid":{"rendered":"https:\/\/corrientesdetarde.com\/?p=26139"},"modified":"2022-12-08T16:15:45","modified_gmt":"2022-12-08T19:15:45","slug":"celine-dion-anuncio-que-padece-el-sindrome-de-la-persona-rigida-y-cancelo-todos-los-shows-del-2023","status":"publish","type":"post","link":"https:\/\/corrientesdetarde.com\/index.php\/espectaculos\/celine-dion-anuncio-que-padece-el-sindrome-de-la-persona-rigida-y-cancelo-todos-los-shows-del-2023\/","title":{"rendered":"C\u00e9line Dion anunci\u00f3 que padece el S\u00edndrome de la Persona R\u00edgida y cancel\u00f3 todos los shows del 2023."},"content":{"rendered":"\n<h2 class=\"wp-block-heading\">La artista comparti\u00f3 un conmovedor mensaje a trav\u00e9s de sus redes sociales para contar cu\u00e1l es su diagn\u00f3stico.<\/h2>\n\n\n\n<p>El 2022 fue un a\u00f1o complicado para\u00a0<strong>C\u00e9line Dion<\/strong>. A mediados de noviembre, la artista cancel\u00f3 sus shows debido a los dolores musculares que ven\u00eda sufriendo. Para ese entonces, hab\u00eda sido\u00a0<strong>diagnosticada con el \u201cs\u00edndrome del globo hist\u00e9rico\u201d<\/strong>, tambi\u00e9n conocido como \u201cglobo far\u00edngeo\u201d. Sin embargo, junto a su equipo de m\u00e9dicos sigui\u00f3 realiz\u00e1ndose estudios y se encontr\u00f3 con el diagn\u00f3stico menos esperado:\u00a0<strong>S\u00edndrome de la Persona R\u00edgida<\/strong>.<\/p>\n\n\n\n<p>\u201cEstuve lidiando con problemas en mi salud durante mucho tiempo y fue muy dif\u00edcil para m\u00ed enfrentar estos desaf\u00edos y hablar de todo lo que he estado atravesando\u201d, fueron las primeras palabras que utiliz\u00f3 para expresarle sus sentimientos a sus fan\u00e1ticos. Es as\u00ed como dio a conocer que padece\u00a0<strong>una enfermedad autoinmune que le genera rigidez<\/strong>\u00a0y debe cancelar todos sus shows programados para el 2023 para poder dedicarse de lleno a su salud.<\/p>\n\n\n\n<p>Entre l\u00e1grimas coment\u00f3 que \u00e9sta enfermedad la padecen una de un mill\u00f3n de personas y&nbsp;<strong>genera un deterioro de avance progresivo en el sistema nervioso, espec\u00edficamente al cerebro y la m\u00e9dula espinal.<\/strong>&nbsp;\u201cSi bien todav\u00eda estamos aprendiendo sobre esta rara condici\u00f3n, ahora sabemos que esto es lo que ha estado causando todos los espasmos que he estado teniendo\u201d. \u201cDesafortunadamente, estos espasmos afectan a todos los aspectos de mi vida diaria,&nbsp;<strong>a veces caus\u00e1ndome dificultades para caminar y no me permiten usar mis cuerdas vocales para cantar&nbsp;<\/strong>de la forma en la que estoy acostumbrada\u201d, agreg\u00f3 visiblemente emocionada.<\/p>\n\n\n\n<figure class=\"wp-block-image\"><img decoding=\"async\" src=\"https:\/\/tn.com.ar\/resizer\/w3FIkXzGIcOBajQzvcJMEPhH5yY=\/767x0\/smart\/filters:format(webp)\/cloudfront-us-east-1.images.arcpublishing.com\/artear\/ARAPWLE6KBFY3GOW5PAA5NU7C4.jpg\" alt=\"La cantante Celine Dion padece de s\u00edndrome de persona r\u00edgida. (Foto: AFP)\"\/><figcaption>La cantante Celine Dion padece de s\u00edndrome de persona r\u00edgida. (Foto: AFP)<\/figcaption><\/figure>\n\n\n\n<h2 class=\"wp-block-heading\">\u00bfQu\u00e9 es el S\u00edndrome de la Persona R\u00edgida?<\/h2>\n\n\n\n<p>\u201cEs una enfermedad neurol\u00f3gica que compromete al sistema nervioso central. Una patolog\u00eda muy poco frecuente de la cual, en muchos casos,&nbsp;<strong>su origen tiene que ver con una patolog\u00eda autoinmune.&nbsp;<\/strong>Hay una serie de anticuerpos que bloquean la fabricaci\u00f3n de un neurotransmisor que facilita la relajaci\u00f3n. Genera un cuadro de rigidez muscular progresiva que inmoviliza el tronco, la cadera y da espasmos musculares\u201d, explic\u00f3 el m\u00e9dico neur\u00f3logo<strong>&nbsp;Alejandro Anderson.<\/strong><\/p>\n\n\n\n<p>\u201cSuele ocurrirle a personas j\u00f3venes, al rededor de los 40 a\u00f1os. Hoy en d\u00eda su tratamiento se trata de compensar<strong>&nbsp;la fabricaci\u00f3n del neurotransmisor faltante con f\u00e1rmacos<\/strong>, pero al ser una enfermedad autoinmune se debe realizar con tratamientos de inmunoterapia\u201d, agreg\u00f3 el experto.<\/p>\n","protected":false},"excerpt":{"rendered":"<p>La artista comparti\u00f3 un conmovedor mensaje a trav\u00e9s de sus redes sociales para contar cu\u00e1l es su diagn\u00f3stico. El 2022 fue un a\u00f1o complicado para\u00a0C\u00e9line Dion. A mediados de noviembre,&hellip; <\/p>\n","protected":false},"author":6,"featured_media":26140,"comment_status":"closed","ping_status":"open","sticky":false,"template":"","format":"standard","meta":{"footnotes":""},"categories":[19],"tags":[],"class_list":["post-26139","post","type-post","status-publish","format-standard","has-post-thumbnail","hentry","category-espectaculos"],"_links":{"self":[{"href":"https:\/\/corrientesdetarde.com\/index.php\/wp-json\/wp\/v2\/posts\/26139","targetHints":{"allow":["GET"]}}],"collection":[{"href":"https:\/\/corrientesdetarde.com\/index.php\/wp-json\/wp\/v2\/posts"}],"about":[{"href":"https:\/\/corrientesdetarde.com\/index.php\/wp-json\/wp\/v2\/types\/post"}],"author":[{"embeddable":true,"href":"https:\/\/corrientesdetarde.com\/index.php\/wp-json\/wp\/v2\/users\/6"}],"replies":[{"embeddable":true,"href":"https:\/\/corrientesdetarde.com\/index.php\/wp-json\/wp\/v2\/comments?post=26139"}],"version-history":[{"count":1,"href":"https:\/\/corrientesdetarde.com\/index.php\/wp-json\/wp\/v2\/posts\/26139\/revisions"}],"predecessor-version":[{"id":26141,"href":"https:\/\/corrientesdetarde.com\/index.php\/wp-json\/wp\/v2\/posts\/26139\/revisions\/26141"}],"wp:featuredmedia":[{"embeddable":true,"href":"https:\/\/corrientesdetarde.com\/index.php\/wp-json\/wp\/v2\/media\/26140"}],"wp:attachment":[{"href":"https:\/\/corrientesdetarde.com\/index.php\/wp-json\/wp\/v2\/media?parent=26139"}],"wp:term":[{"taxonomy":"category","embeddable":true,"href":"https:\/\/corrientesdetarde.com\/index.php\/wp-json\/wp\/v2\/categories?post=26139"},{"taxonomy":"post_tag","embeddable":true,"href":"https:\/\/corrientesdetarde.com\/index.php\/wp-json\/wp\/v2\/tags?post=26139"}],"curies":[{"name":"wp","href":"https:\/\/api.w.org\/{rel}","templated":true}]}}