{"id":26142,"date":"2022-12-08T16:18:44","date_gmt":"2022-12-08T19:18:44","guid":{"rendered":"https:\/\/corrientesdetarde.com\/?p=26142"},"modified":"2022-12-08T16:18:49","modified_gmt":"2022-12-08T19:18:49","slug":"detuvieron-a-la-empleada-domestica-del-ministro-de-catamarca-encontrado-muerto-con-un-golpe-en-la-cabeza","status":"publish","type":"post","link":"https:\/\/corrientesdetarde.com\/index.php\/crimen-y-justicia\/detuvieron-a-la-empleada-domestica-del-ministro-de-catamarca-encontrado-muerto-con-un-golpe-en-la-cabeza\/","title":{"rendered":"Detuvieron a la empleada dom\u00e9stica del ministro de Catamarca encontrado muerto con un golpe en la cabeza."},"content":{"rendered":"\n<h2 class=\"wp-block-heading\">La mujer mantuvo una conversaci\u00f3n telef\u00f3nica con el hombre el mismo d\u00eda que muri\u00f3. El fiscal de la investigaci\u00f3n sostuvo que \u201ctendr\u00eda cierta vinculaci\u00f3n\u201d.<\/h2>\n\n\n\n<p>La Polic\u00eda detuvo a la empleada dom\u00e9stica del\u00a0<strong>ministro de Desarrollo Social de Catamarca, Juan Carlos Rojas,<\/strong> quien fue<strong>\u00a0encontrado muerto\u00a0<\/strong>en su casa el pasado domingo.<\/p>\n\n\n\n<p>De acuerdo al informe de la segunda autopsia, Rojas muri\u00f3 a causa de un\u00a0<strong>\u201ctraumatismo craneoencef\u00e1lico\u201d,\u00a0<\/strong>es decir, de un\u00a0<strong>golpe en la cabeza<\/strong>, y desde entonces aumentaron las sospechas en torno a un<strong>\u00a0posible ataque.<\/strong><\/p>\n\n\n\n<p>En las \u00faltimas horas, el fiscal general Alejandro Dalla Lasta Baroni confirm\u00f3 que la empleada del ministro qued\u00f3 alojada en una comisar\u00eda y no descarta que se ordene un allanamiento al domicilio de la mujer.<\/p>\n\n\n\n<p>La detenida, de apellido Nieva, habr\u00eda tenido una&nbsp;<strong>conversaci\u00f3n&nbsp;<\/strong>telef\u00f3nica con Rojas el s\u00e1bado a la ma\u00f1ana cuando supuestamente<strong>&nbsp;escuch\u00f3 un golpe y luego se cort\u00f3 la comunicaci\u00f3n.<\/strong><\/p>\n\n\n\n<figure class=\"wp-block-image\"><img decoding=\"async\" src=\"https:\/\/tn.com.ar\/resizer\/20agHjMAc0C0flZPzyk2kemmYiY=\/767x0\/smart\/filters:format(webp)\/cloudfront-us-east-1.images.arcpublishing.com\/artear\/RJSXHX2KERBFJHUAQE35HIVXTU.jpg\" alt=\"Juan Carlos Rojas ten\u00eda 73 a\u00f1os. (Foto: gentileza El Independiente)\"\/><figcaption>Juan Carlos Rojas ten\u00eda 73 a\u00f1os. (Foto: gentileza El Independiente)<\/figcaption><\/figure>\n\n\n\n<p>El fiscal sostuvo que se mantiene el secreto de sumario, pero se\u00f1al\u00f3 que durante todo el d\u00eda de la investigaci\u00f3n avanz\u00f3 en torno a la visualizaci\u00f3n de las c\u00e1maras de seguridad de la zona y de los celulares. \u201cSe proces\u00f3 toda la evidencia que se secuestr\u00f3 y qued\u00f3 arrestada la empleada dom\u00e9stica porque&nbsp;<strong>tendr\u00eda cierta vinculaci\u00f3n al crimen\u201d,<\/strong>&nbsp;detall\u00f3 a los medios locales.<\/p>\n\n\n\n<p>Adem\u00e1s, sin m\u00e1s detalles, resalt\u00f3 que los tres fiscales, Laureano Palacios, Alejandro Gober y Hugo Costilla, \u201ctrabajan de manera simult\u00e1nea\u201d.<\/p>\n\n\n\n<h2 class=\"wp-block-heading\">La investigaci\u00f3n sobre la muerte del ministro<\/h2>\n\n\n\n<p>Este mi\u00e9rcoles los investigadores analizaron los celulares de Juan Carlos Rojas y de personas que son consideradas sospechosas en la causa: la empleada y los hijos de ella. Creen que la informaci\u00f3n que surja de estas pericias ser\u00e1n determinantes y podr\u00edan establecer el m\u00f3vil del ataque.<\/p>\n\n\n\n<p>Adem\u00e1s, ayer se conoci\u00f3 que una<strong>&nbsp;prueba de luminol&nbsp;<\/strong>que se realiz\u00f3 en la casa de Rojas demostr\u00f3 que&nbsp;<strong>el lugar hab\u00eda sido lavado&nbsp;<\/strong>ya que se detectaron manchas de sangre en el piso y en la pared de la galer\u00eda.<\/p>\n\n\n\n<figure class=\"wp-block-image\"><img decoding=\"async\" src=\"https:\/\/tn.com.ar\/resizer\/VGGOVo0o8utip3jtLa4vZDIz-XU=\/767x0\/smart\/filters:format(webp)\/cloudfront-us-east-1.images.arcpublishing.com\/artear\/V7GIBQVUDNANZK7RDVHHQ25W44.jpg\" alt=\"Rojas era ministro de Desarrollo Social desde mayo de este a\u00f1o. (Foto: gentileza Resumido)\"\/><figcaption>Rojas era ministro de Desarrollo Social desde mayo de este a\u00f1o. (Foto: gentileza Resumido)<\/figcaption><\/figure>\n\n\n\n<p>Personal de la Divisi\u00f3n Homicidios llev\u00f3 a cabo la pericia, la cual debe ser efectuada en horario nocturno. Los peritos ingresaron al domicilio para efectuar una nueva inspecci\u00f3n y emplearon el reactivo que fue contundente. Este descubrimiento permiti\u00f3 confirmar a los investigadores que el lugar del ataque fue en donde qued\u00f3 el cuerpo del exministro de Desarrollo Social.<\/p>\n","protected":false},"excerpt":{"rendered":"<p>La mujer mantuvo una conversaci\u00f3n telef\u00f3nica con el hombre el mismo d\u00eda que muri\u00f3. El fiscal de la investigaci\u00f3n sostuvo que \u201ctendr\u00eda cierta vinculaci\u00f3n\u201d. La Polic\u00eda detuvo a la empleada&hellip; <\/p>\n","protected":false},"author":6,"featured_media":26143,"comment_status":"closed","ping_status":"open","sticky":false,"template":"","format":"standard","meta":{"footnotes":""},"categories":[5],"tags":[],"class_list":["post-26142","post","type-post","status-publish","format-standard","has-post-thumbnail","hentry","category-crimen-y-justicia"],"_links":{"self":[{"href":"https:\/\/corrientesdetarde.com\/index.php\/wp-json\/wp\/v2\/posts\/26142","targetHints":{"allow":["GET"]}}],"collection":[{"href":"https:\/\/corrientesdetarde.com\/index.php\/wp-json\/wp\/v2\/posts"}],"about":[{"href":"https:\/\/corrientesdetarde.com\/index.php\/wp-json\/wp\/v2\/types\/post"}],"author":[{"embeddable":true,"href":"https:\/\/corrientesdetarde.com\/index.php\/wp-json\/wp\/v2\/users\/6"}],"replies":[{"embeddable":true,"href":"https:\/\/corrientesdetarde.com\/index.php\/wp-json\/wp\/v2\/comments?post=26142"}],"version-history":[{"count":1,"href":"https:\/\/corrientesdetarde.com\/index.php\/wp-json\/wp\/v2\/posts\/26142\/revisions"}],"predecessor-version":[{"id":26144,"href":"https:\/\/corrientesdetarde.com\/index.php\/wp-json\/wp\/v2\/posts\/26142\/revisions\/26144"}],"wp:featuredmedia":[{"embeddable":true,"href":"https:\/\/corrientesdetarde.com\/index.php\/wp-json\/wp\/v2\/media\/26143"}],"wp:attachment":[{"href":"https:\/\/corrientesdetarde.com\/index.php\/wp-json\/wp\/v2\/media?parent=26142"}],"wp:term":[{"taxonomy":"category","embeddable":true,"href":"https:\/\/corrientesdetarde.com\/index.php\/wp-json\/wp\/v2\/categories?post=26142"},{"taxonomy":"post_tag","embeddable":true,"href":"https:\/\/corrientesdetarde.com\/index.php\/wp-json\/wp\/v2\/tags?post=26142"}],"curies":[{"name":"wp","href":"https:\/\/api.w.org\/{rel}","templated":true}]}}