{"id":26145,"date":"2022-12-08T16:25:17","date_gmt":"2022-12-08T19:25:17","guid":{"rendered":"https:\/\/corrientesdetarde.com\/?p=26145"},"modified":"2022-12-08T16:25:20","modified_gmt":"2022-12-08T19:25:20","slug":"luis-enrique-dejo-de-ser-el-entrenador-de-espana-y-ya-se-conoce-el-nombre-de-su-sucesor","status":"publish","type":"post","link":"https:\/\/corrientesdetarde.com\/index.php\/deportes\/luis-enrique-dejo-de-ser-el-entrenador-de-espana-y-ya-se-conoce-el-nombre-de-su-sucesor\/","title":{"rendered":"Luis Enrique dej\u00f3 de ser el entrenador de Espa\u00f1a y ya se conoce el nombre de su sucesor."},"content":{"rendered":"\n<h2 class=\"wp-block-heading\">El DT saliente escribi\u00f3 una emotiva carta de despedida en las redes sociales. El elenco europeo qued\u00f3 eliminado en octavos de final del Mundial de Qatar 2022.<\/h2>\n\n\n\n<p>La Federaci\u00f3n Espa\u00f1ola (RFEF) anunci\u00f3 este jueves la salida del entrenador\u00a0<strong>Luis Enrique<\/strong>, tras la\u00a0eliminaci\u00f3n de la Selecci\u00f3n de Espa\u00f1a\u00a0en octavos de final del\u00a0<strong>Mundial de Qatar 2022<\/strong>\u00a0frente a Marruecos. Adem\u00e1s, se inform\u00f3 que\u00a0<strong>Luis de la Fuente<\/strong>\u00a0ser\u00e1 su sucesor.<\/p>\n\n\n\n<p>El organismo considera que \u201cdebe arrancar un nuevo proyecto para la Selecci\u00f3n Espa\u00f1ola de F\u00fatbol, con el objetivo de continuar con el crecimiento alcanzado en los \u00faltimos a\u00f1os gracias al trabajo realizado por Luis Enrique\u201d, se\u00f1al\u00f3 la federaci\u00f3n en un comunicado, agradeciendo al t\u00e9cnico su trabajo.<\/p>\n\n\n\n<p>El ciclo de Luis Enrique, que hab\u00eda asumido en 2018 luego de la eliminaci\u00f3n de la Furia Roja en octavos en el Mundial de Rusia, llega as\u00ed a su fin luego del golpe que signific\u00f3 la ca\u00edda ante Marruecos en los penales.<\/p>\n\n\n\n<p>Durante su etapa al frente de la Roja, el DT alcanz\u00f3 las semifinales de la Eurocopa 2020, donde cay\u00f3 contra Italia en la tanda de penales (1-1, 4-2), y la final de la Nations League, en la que perdi\u00f3 contra Francia 2-1.<\/p>\n\n\n\n<p>Adem\u00e1s, durante Qatar 2022,\u00a0se convirti\u00f3 en el primer entrenador-streamer: realiz\u00f3 transmisiones en vivo desde la concentraci\u00f3n para hablar de manera directa con los fan\u00e1ticos.<\/p>\n\n\n\n<h2 class=\"wp-block-heading\">Luis de la Fuente, el sucesor de Luis Enrique<\/h2>\n\n\n\n<p>Para esta nueva etapa, la RFEF apuesta por el&nbsp;<strong>actual seleccionador Sub-21, Luis de la Fuente<\/strong>, que deber\u00eda mantener una l\u00ednea de continuidad respecto del trabajo realizado por Luis Enrique.<\/p>\n\n\n\n<figure class=\"wp-block-image\"><img decoding=\"async\" src=\"https:\/\/tn.com.ar\/resizer\/6bhS1jIGo_OkH_f0ESzXY9yDoOM=\/767x0\/smart\/filters:format(webp)\/cloudfront-us-east-1.images.arcpublishing.com\/artear\/AHMXFMNJFBAD5DQA2BQIWWDJDY.jfif\" alt=\"(Foto: Twiter RFEF)\"\/><figcaption>(Foto: Twiter RFEF)<\/figcaption><\/figure>\n\n\n\n<p>Seleccionador Sub-21 desde 2018, tras entrenar a las categor\u00edas Sub-19 y Sub-18, Luis de la Fuente proclam\u00f3 a la \u2018Rojita\u2019 campeona de Europa en 2019 al imponerse en la final a Alemania 2-1 y logr\u00f3 la plata en los Juegos Ol\u00edmpicos de Tokio de 2020, donde cay\u00f3 en la final 2-1 con Brasil.<\/p>\n\n\n\n<p>Luis de la Fuente ser\u00e1 ratificado en su nuevo cargo en una junta directiva de la RFEF el pr\u00f3ximo lunes, tras lo cual se llevar\u00e1 a cabo su presentaci\u00f3n ante los medios.<\/p>\n\n\n\n<h2 class=\"wp-block-heading\">La carta de despedida de Luis Enrique<\/h2>\n\n\n\n<p><em>En mi nombre y el de todos los que formamos el staff:<\/em><\/p>\n\n\n\n<p><em>Todo empez\u00f3 hace ya 4 a\u00f1os y qu\u00e9 r\u00e1pido ha pasado el tiempo. Solo puedo estar s\u00faper agradecido a quienes me ficharon dos veces (presidente Rubiales y director deportivo Molina).<\/em><\/p>\n\n\n\n<p><em>A todos los empleados de la RFEF con los que compartimos experiencias y vivencias de todo tipo.<\/em><\/p>\n\n\n\n<p><em>Como no, a los jugadores que han sido ejemplares en su comportamiento y fieles a la idea planteada. Siento no haberos podido ayudar m\u00e1s.<\/em><\/p>\n\n\n\n<p><em>Tambi\u00e9n a los auxiliares (doctores, fisios, utilleros, seguridad, los de audiovisuales, los de viajes con Limones al frente, la team manager Nuria y las nutricionistas etc etc) que trabajan incansablemente para ayudar a los jugadores y al staff en todo lo que necesitamos. Ha sido muy especial formar parte de esto.<\/em><\/p>\n\n\n\n<p><em>Por \u00faltimo pero no menos importante, a la afici\u00f3n que de manera uniforme nos ha transmitido su apoyo en todos los momentos y especialmente en los m\u00e1s delicados.<\/em><\/p>\n\n\n\n<p><em>Toca despedirse y en estos casos solo una peque\u00f1a reflexi\u00f3n&#8230; lo que necesita la selecci\u00f3n es APOYO en todo su significado para que Luis de la Fuente consiga todo lo que se proponga.<\/em><\/p>\n\n\n\n<p><em>\u00a1Vamos ESPA\u00d1A!<\/em><\/p>\n\n\n\n<p><em>Hasta siempre.<\/em><\/p>\n\n\n\n<p><em>Gracias!<\/em><\/p>\n\n\n\n<figure class=\"wp-block-image\"><img decoding=\"async\" src=\"https:\/\/tn.com.ar\/resizer\/nlr0FtKMAXBZNJHs3nzs5XVJVyM=\/767x0\/smart\/filters:format(webp)\/cloudfront-us-east-1.images.arcpublishing.com\/artear\/AJAY2PXSPGEXLAUPQUBINXARLE.jpg\" alt=\"Luis Enrique hab\u00eda asumido en la Selecci\u00f3n de Espa\u00f1a luego del Mundial de Rusia 2018. REUTERS\/Dylan Martinez\/File Photo\"\/><figcaption>Luis Enrique hab\u00eda asumido en la Selecci\u00f3n de Espa\u00f1a luego del Mundial de Rusia 2018. REUTERS\/Dylan Martinez\/File PhotoPor:&nbsp;<strong>REUTERS<\/strong><\/figcaption><\/figure>\n","protected":false},"excerpt":{"rendered":"<p>El DT saliente escribi\u00f3 una emotiva carta de despedida en las redes sociales. El elenco europeo qued\u00f3 eliminado en octavos de final del Mundial de Qatar 2022. La Federaci\u00f3n Espa\u00f1ola&hellip; <\/p>\n","protected":false},"author":6,"featured_media":26146,"comment_status":"closed","ping_status":"open","sticky":false,"template":"","format":"standard","meta":{"footnotes":""},"categories":[4],"tags":[],"class_list":["post-26145","post","type-post","status-publish","format-standard","has-post-thumbnail","hentry","category-deportes"],"_links":{"self":[{"href":"https:\/\/corrientesdetarde.com\/index.php\/wp-json\/wp\/v2\/posts\/26145","targetHints":{"allow":["GET"]}}],"collection":[{"href":"https:\/\/corrientesdetarde.com\/index.php\/wp-json\/wp\/v2\/posts"}],"about":[{"href":"https:\/\/corrientesdetarde.com\/index.php\/wp-json\/wp\/v2\/types\/post"}],"author":[{"embeddable":true,"href":"https:\/\/corrientesdetarde.com\/index.php\/wp-json\/wp\/v2\/users\/6"}],"replies":[{"embeddable":true,"href":"https:\/\/corrientesdetarde.com\/index.php\/wp-json\/wp\/v2\/comments?post=26145"}],"version-history":[{"count":1,"href":"https:\/\/corrientesdetarde.com\/index.php\/wp-json\/wp\/v2\/posts\/26145\/revisions"}],"predecessor-version":[{"id":26147,"href":"https:\/\/corrientesdetarde.com\/index.php\/wp-json\/wp\/v2\/posts\/26145\/revisions\/26147"}],"wp:featuredmedia":[{"embeddable":true,"href":"https:\/\/corrientesdetarde.com\/index.php\/wp-json\/wp\/v2\/media\/26146"}],"wp:attachment":[{"href":"https:\/\/corrientesdetarde.com\/index.php\/wp-json\/wp\/v2\/media?parent=26145"}],"wp:term":[{"taxonomy":"category","embeddable":true,"href":"https:\/\/corrientesdetarde.com\/index.php\/wp-json\/wp\/v2\/categories?post=26145"},{"taxonomy":"post_tag","embeddable":true,"href":"https:\/\/corrientesdetarde.com\/index.php\/wp-json\/wp\/v2\/tags?post=26145"}],"curies":[{"name":"wp","href":"https:\/\/api.w.org\/{rel}","templated":true}]}}