{"id":26182,"date":"2022-12-08T18:01:15","date_gmt":"2022-12-08T21:01:15","guid":{"rendered":"https:\/\/corrientesdetarde.com\/?p=26182"},"modified":"2022-12-08T18:01:17","modified_gmt":"2022-12-08T21:01:17","slug":"fiesta-nacional-del-chamame-2023-la-semana-que-viene-inicia-la-venta-de-entradas","status":"publish","type":"post","link":"https:\/\/corrientesdetarde.com\/index.php\/cultura\/fiesta-nacional-del-chamame-2023-la-semana-que-viene-inicia-la-venta-de-entradas\/","title":{"rendered":"Fiesta Nacional del Chamam\u00e9 2023: La semana que viene inicia la venta de entradas."},"content":{"rendered":"\n<h2 class=\"wp-block-heading\">As\u00ed lo confirm\u00f3 el presidente del Instituto de Cultura, Gabriel Romero, en el estudio de Radio Dos. &#8220;La grilla oficial de artistas va a salir la semana que viene, y las entradas ya van a estar a la venta, a 1500 pesos por d\u00eda&#8221; indic\u00f3.<\/h2>\n\n\n\n<p>De la Fiesta Nacional del Chamam\u00e9 el arquitecto Romero, expres\u00f3: &#8220;ya estamos en la recta final, ayer hubo m\u00e1s de 150 bailarines postul\u00e1ndose para ingresar al ballet oficial de la Fiesta Nacional del Chamam\u00e9, y hoy hay m\u00e1s de 500 personas haciendo una coreo en la playa Arazaty&#8221;.<\/p>\n\n\n\n<p>A su vez, el presidente del Instituto de Cultura, mencion\u00f3: &#8220;la grilla oficial de artistas va a salir la semana que viene, y las entradas ya van a estar a la venta, 1500 pesos por d\u00eda&#8221;.<\/p>\n\n\n\n<p>Asimismo, Gabriel Romero, manifest\u00f3: &#8220;estamos trabajando con Paraguay que est\u00e1n postulando a la guara\u00f1a como patrimonio de la humanidad, y le vamos a dar un d\u00eda especial para que expongan su cultura, y relaci\u00f3n tan cercana que tenemos&#8221;.<\/p>\n\n\n\n<p>Al mismo tiempo, el funcionario de cultura, remarc\u00f3: &#8220;hay que seguir apuntalando al chamam\u00e9, con lugares donde se pueda escuchar chamam\u00e9, donde se pueda comer comidas t\u00edpicas, porque uno de ellos compromisos con la Unesco fue una inserci\u00f3n con la gente, los medios de la cultura del chamam\u00e9, tambi\u00e9n queremos insertar en el nivel secundario contenido sobre el tema&#8221;.<\/p>\n\n\n\n<p>En ese mismo sentido, el arquitecto Romero, detall\u00f3: &#8220;este a\u00f1o se centralizan en artista locales y regionales, las artistas nacionales confirmadas con Zoe Gotusso y Karina, y es muy probable que vengan Nahuel Pennisi tambi\u00e9n, estamos en conversaciones&#8221;.<\/p>\n","protected":false},"excerpt":{"rendered":"<p>As\u00ed lo confirm\u00f3 el presidente del Instituto de Cultura, Gabriel Romero, en el estudio de Radio Dos. &#8220;La grilla oficial de artistas va a salir la semana que viene, y&hellip; <\/p>\n","protected":false},"author":6,"featured_media":26183,"comment_status":"closed","ping_status":"open","sticky":false,"template":"","format":"standard","meta":{"footnotes":""},"categories":[15],"tags":[],"class_list":["post-26182","post","type-post","status-publish","format-standard","has-post-thumbnail","hentry","category-cultura"],"_links":{"self":[{"href":"https:\/\/corrientesdetarde.com\/index.php\/wp-json\/wp\/v2\/posts\/26182","targetHints":{"allow":["GET"]}}],"collection":[{"href":"https:\/\/corrientesdetarde.com\/index.php\/wp-json\/wp\/v2\/posts"}],"about":[{"href":"https:\/\/corrientesdetarde.com\/index.php\/wp-json\/wp\/v2\/types\/post"}],"author":[{"embeddable":true,"href":"https:\/\/corrientesdetarde.com\/index.php\/wp-json\/wp\/v2\/users\/6"}],"replies":[{"embeddable":true,"href":"https:\/\/corrientesdetarde.com\/index.php\/wp-json\/wp\/v2\/comments?post=26182"}],"version-history":[{"count":1,"href":"https:\/\/corrientesdetarde.com\/index.php\/wp-json\/wp\/v2\/posts\/26182\/revisions"}],"predecessor-version":[{"id":26184,"href":"https:\/\/corrientesdetarde.com\/index.php\/wp-json\/wp\/v2\/posts\/26182\/revisions\/26184"}],"wp:featuredmedia":[{"embeddable":true,"href":"https:\/\/corrientesdetarde.com\/index.php\/wp-json\/wp\/v2\/media\/26183"}],"wp:attachment":[{"href":"https:\/\/corrientesdetarde.com\/index.php\/wp-json\/wp\/v2\/media?parent=26182"}],"wp:term":[{"taxonomy":"category","embeddable":true,"href":"https:\/\/corrientesdetarde.com\/index.php\/wp-json\/wp\/v2\/categories?post=26182"},{"taxonomy":"post_tag","embeddable":true,"href":"https:\/\/corrientesdetarde.com\/index.php\/wp-json\/wp\/v2\/tags?post=26182"}],"curies":[{"name":"wp","href":"https:\/\/api.w.org\/{rel}","templated":true}]}}