{"id":26185,"date":"2022-12-08T18:21:18","date_gmt":"2022-12-08T21:21:18","guid":{"rendered":"https:\/\/corrientesdetarde.com\/?p=26185"},"modified":"2022-12-08T18:21:21","modified_gmt":"2022-12-08T21:21:21","slug":"guacaras-comienza-el-12-festival-internacional-de-cine-100-regional","status":"publish","type":"post","link":"https:\/\/corrientesdetarde.com\/index.php\/cultura\/guacaras-comienza-el-12-festival-internacional-de-cine-100-regional\/","title":{"rendered":"Gu\u00e1caras: comienza el 12\u00b0 Festival Internacional de Cine 100% Regional."},"content":{"rendered":"\n<h2 class=\"wp-block-heading\">El Festival comenzar\u00e1 a las 20 en la Plaza de la Iglesia, como en sus primeras ediciones. Hoy se transmiten los cortos de la Competencia de Colegios Secundarios y habr\u00e1 traslado gratuito ida y vuelta para poder asistir.<\/h2>\n\n\n\n<p>Con todas las actividades prometidas, el Festival Gu\u00e1caras inicia hoy su 12\u00b0 edici\u00f3n con audiovisuales regionales en la Plaza de la Iglesia de Santa Ana. El evento continuar\u00e1 los d\u00edas viernes 9, s\u00e1bado 10 y domingo 11. Se transmitir\u00e1n 58 pel\u00edculas de las m\u00e1s de 300 que se recibieron, n\u00famero que aumenta a\u00f1o a a\u00f1o.<\/p>\n\n\n\n<p>Se podr\u00e1 disfrutar del mejor cine regional con una pantalla de m\u00e1xima calidad de pixeles, como el a\u00f1o pasado. La Competencia de Secundarios que llega a su quinta edici\u00f3n, est\u00e1 compuesta por una selecci\u00f3n de obras audiovisuales realizadas por alumnos de colegios secundarios, donde los mismos tienen la posibilidad de expresar sus problem\u00e1ticas e intereses. El colegio que resulte ganador recibir\u00e1 una estatuilla y premios en equipamiento para alentarlos a continuar produciendo cine.<\/p>\n\n\n\n<p>La realizaci\u00f3n del Gu\u00e1caras 12 es posible gracias al apoyo del Instituto Nacional de Cine y Artes Audiovisuales (INCAA), el Gobierno de la Provincia de Corrientes y el Instituto de Cultura de la Provincia, la Municipalidad de Santa Ana de los Gu\u00e1caras y su intendenta Silvana Almir\u00f3n, La Facultad de Artes, Dise\u00f1o y Ciencias de la Cultura (FADyCC), el canal CINE.AR, y el Sindicato Argentino de Televisi\u00f3n, Servicios Audiovisuales, Interactivos y de Datos (SATSAID). Este a\u00f1o, adem\u00e1s, el Festival result\u00f3 seleccionado en la convocatoria del Programa Gestionar Futuro 2022, de la Secretar\u00eda de Gesti\u00f3n Cultural del Ministerio de Cultura de la Naci\u00f3n, que entrega apoyo econ\u00f3mico al Festival.<\/p>\n\n\n\n<h3 class=\"wp-block-heading\">Programaci\u00f3n jueves &#8211; Competencia Colegios Secundarios<\/h3>\n\n\n\n<p>El primer d\u00eda del festival comienza con el documental en muestra paralela &#8220;Reflejo de un pescador&#8221;; luego siguen los siguientes cortometrajes, producidos por alumnos de colegios secundarios: &#8220;1982. Nuestros H\u00e9roes, La Otra Guerra. La Vuelta A Casa&#8221;; &nbsp;&#8220;Ojos Tristes&#8221;; &#8220;La Biling\u00fce&#8221;, &#8220;Recuerdos&#8221;, &#8220;Ausencia&#8221;, &#8220;Seguir\u00e9&#8221;; &#8220;Confiando&#8221;; &#8220;Ejemplos&#8221;; &#8220;El Embarazo En La Adolescencia&#8221;; &#8220;Transparente&#8221;; &#8220;Sonrisas Falsas&#8221;; &#8220;Nallitexa\u00b4at&#8221;; &#8220;El Burrito&#8221;; &#8220;La Enamorada&#8221;.<\/p>\n\n\n\n<p>Al finalizar los cortos se proceder\u00e1 a la votaci\u00f3n de los espectadores del Gu\u00e1caras, y para el cierre se transmitir\u00e1 el cortometraje, filmado en Santa Ana, &#8220;Coraz\u00f3n de Timb\u00f3&#8221;; de Nahuel Fontan, ganador de la Competencia Oficial de la edici\u00f3n pasada con Esqarq.<\/p>\n","protected":false},"excerpt":{"rendered":"<p>El Festival comenzar\u00e1 a las 20 en la Plaza de la Iglesia, como en sus primeras ediciones. Hoy se transmiten los cortos de la Competencia de Colegios Secundarios y habr\u00e1&hellip; <\/p>\n","protected":false},"author":6,"featured_media":26186,"comment_status":"closed","ping_status":"open","sticky":false,"template":"","format":"standard","meta":{"footnotes":""},"categories":[15],"tags":[],"class_list":["post-26185","post","type-post","status-publish","format-standard","has-post-thumbnail","hentry","category-cultura"],"_links":{"self":[{"href":"https:\/\/corrientesdetarde.com\/index.php\/wp-json\/wp\/v2\/posts\/26185","targetHints":{"allow":["GET"]}}],"collection":[{"href":"https:\/\/corrientesdetarde.com\/index.php\/wp-json\/wp\/v2\/posts"}],"about":[{"href":"https:\/\/corrientesdetarde.com\/index.php\/wp-json\/wp\/v2\/types\/post"}],"author":[{"embeddable":true,"href":"https:\/\/corrientesdetarde.com\/index.php\/wp-json\/wp\/v2\/users\/6"}],"replies":[{"embeddable":true,"href":"https:\/\/corrientesdetarde.com\/index.php\/wp-json\/wp\/v2\/comments?post=26185"}],"version-history":[{"count":1,"href":"https:\/\/corrientesdetarde.com\/index.php\/wp-json\/wp\/v2\/posts\/26185\/revisions"}],"predecessor-version":[{"id":26187,"href":"https:\/\/corrientesdetarde.com\/index.php\/wp-json\/wp\/v2\/posts\/26185\/revisions\/26187"}],"wp:featuredmedia":[{"embeddable":true,"href":"https:\/\/corrientesdetarde.com\/index.php\/wp-json\/wp\/v2\/media\/26186"}],"wp:attachment":[{"href":"https:\/\/corrientesdetarde.com\/index.php\/wp-json\/wp\/v2\/media?parent=26185"}],"wp:term":[{"taxonomy":"category","embeddable":true,"href":"https:\/\/corrientesdetarde.com\/index.php\/wp-json\/wp\/v2\/categories?post=26185"},{"taxonomy":"post_tag","embeddable":true,"href":"https:\/\/corrientesdetarde.com\/index.php\/wp-json\/wp\/v2\/tags?post=26185"}],"curies":[{"name":"wp","href":"https:\/\/api.w.org\/{rel}","templated":true}]}}