{"id":26314,"date":"2022-12-09T11:07:14","date_gmt":"2022-12-09T14:07:14","guid":{"rendered":"https:\/\/corrientesdetarde.com\/?p=26314"},"modified":"2022-12-09T11:07:15","modified_gmt":"2022-12-09T14:07:15","slug":"rescataron-un-lagarto-overo-que-era-trasladado-por-un-hombre","status":"publish","type":"post","link":"https:\/\/corrientesdetarde.com\/index.php\/medio-ambiente\/rescataron-un-lagarto-overo-que-era-trasladado-por-un-hombre\/","title":{"rendered":"Rescataron un lagarto overo que era trasladado por un hombre"},"content":{"rendered":"\n<p>El hecho ocurri\u00f3 en la Capital Correntina.<\/p>\n\n\n\n<p>Un lagarto fue rescatado en plena capital correntina y fue&nbsp;puesto bajo seguridad tras un operativo, informaron desde la&nbsp;&nbsp;Polic\u00eda de Corrientes.<\/p>\n\n\n\n<p>El hecho ocurri\u00f3 el d\u00eda jueves&nbsp;en cercan\u00edas de la avenida 3 de abril y calle Misiones cuando tras tareas de prevenci\u00f3n por parte del cuerpo policial<strong>&nbsp; dieron con un hombre que trasladaba un lagarto tipo overo.&nbsp;<\/strong><\/p>\n\n\n\n<figure class=\"wp-block-image\"><img decoding=\"async\" src=\"https:\/\/pxc.cdn.ellitoral.com.ar\/litoral\/122022\/1670588485117.webp?cw=1200&amp;ch=582&amp;extw=jpeg\" alt=\"Rescataron un lagarto overo que era trasladado por un hombre \"\/><\/figure>\n\n\n\n<p>Ante el hecho y junto con la colaboraci\u00f3n de efectivos de la Polic\u00eda Tur\u00edstica procedieron a identificar y demorar a la persona quien no supo justificar la tenencia del animal.&nbsp;<\/p>\n\n\n\n<p>Posteriormente se inform\u00f3 al Personal del<strong>&nbsp; Centro de Conservaci\u00f3n Aguar\u00e1<\/strong>&nbsp; quienes se hicieron presente en el lugar&nbsp; p<strong>ara realizar el rescate y cuidado correspondiente del ejemplar.<\/strong><\/p>\n","protected":false},"excerpt":{"rendered":"<p>El hecho ocurri\u00f3 en la Capital Correntina. Un lagarto fue rescatado en plena capital correntina y fue&nbsp;puesto bajo seguridad tras un operativo, informaron desde la&nbsp;&nbsp;Polic\u00eda de Corrientes. El hecho ocurri\u00f3&hellip; <\/p>\n","protected":false},"author":3,"featured_media":26316,"comment_status":"closed","ping_status":"open","sticky":false,"template":"","format":"standard","meta":{"footnotes":""},"categories":[6],"tags":[],"class_list":["post-26314","post","type-post","status-publish","format-standard","has-post-thumbnail","hentry","category-medio-ambiente"],"_links":{"self":[{"href":"https:\/\/corrientesdetarde.com\/index.php\/wp-json\/wp\/v2\/posts\/26314","targetHints":{"allow":["GET"]}}],"collection":[{"href":"https:\/\/corrientesdetarde.com\/index.php\/wp-json\/wp\/v2\/posts"}],"about":[{"href":"https:\/\/corrientesdetarde.com\/index.php\/wp-json\/wp\/v2\/types\/post"}],"author":[{"embeddable":true,"href":"https:\/\/corrientesdetarde.com\/index.php\/wp-json\/wp\/v2\/users\/3"}],"replies":[{"embeddable":true,"href":"https:\/\/corrientesdetarde.com\/index.php\/wp-json\/wp\/v2\/comments?post=26314"}],"version-history":[{"count":1,"href":"https:\/\/corrientesdetarde.com\/index.php\/wp-json\/wp\/v2\/posts\/26314\/revisions"}],"predecessor-version":[{"id":26317,"href":"https:\/\/corrientesdetarde.com\/index.php\/wp-json\/wp\/v2\/posts\/26314\/revisions\/26317"}],"wp:featuredmedia":[{"embeddable":true,"href":"https:\/\/corrientesdetarde.com\/index.php\/wp-json\/wp\/v2\/media\/26316"}],"wp:attachment":[{"href":"https:\/\/corrientesdetarde.com\/index.php\/wp-json\/wp\/v2\/media?parent=26314"}],"wp:term":[{"taxonomy":"category","embeddable":true,"href":"https:\/\/corrientesdetarde.com\/index.php\/wp-json\/wp\/v2\/categories?post=26314"},{"taxonomy":"post_tag","embeddable":true,"href":"https:\/\/corrientesdetarde.com\/index.php\/wp-json\/wp\/v2\/tags?post=26314"}],"curies":[{"name":"wp","href":"https:\/\/api.w.org\/{rel}","templated":true}]}}