{"id":26346,"date":"2022-12-09T13:40:00","date_gmt":"2022-12-09T16:40:00","guid":{"rendered":"https:\/\/corrientesdetarde.com\/?p=26346"},"modified":"2022-12-09T13:40:03","modified_gmt":"2022-12-09T16:40:03","slug":"la-antigua-carcel-recibio-a-una-multitud-en-el-inicio-de-la-fiesta-de-la-unidad","status":"publish","type":"post","link":"https:\/\/corrientesdetarde.com\/index.php\/actualidad\/la-antigua-carcel-recibio-a-una-multitud-en-el-inicio-de-la-fiesta-de-la-unidad\/","title":{"rendered":"La antigua C\u00e1rcel recibi\u00f3 a una multitud en el inicio de la Fiesta de la Unidad"},"content":{"rendered":"\n<p>El Gobierno provincial inici\u00f3 este jueves la denominada Fiesta de la Unidad con la participaci\u00f3n de una masiva concurrencia, en el ex predio penitenciario que se encuentra ubicado en la bajada del Puente General Belgrano.&nbsp;Miles de capitalinos y de otros puntos de la provincia se dieron cita a esta nueva propuesta cultural que se inici\u00f3 con \u00e9xito anoche y que este viernes tiene preparado una nueva posibilidad de inter\u00e9s para los que quieran concurrir a este punto de encuentro.<\/p>\n\n\n\n<p>Organizado por la Secretar\u00eda General de la Gobernaci\u00f3n, el Instituto de Cultura y la Municipalidad de Corrientes, se lleva a cabo desde el jueves hasta el domingo venidero, esta propuesta que se desarrolla en el predio de la vieja c\u00e1rcel, ubicada sobre Avenida 3 de Abril 57.<\/p>\n\n\n\n<p>La jornada de apertura del evento cont\u00f3 con la presencia del vicegobernador de Corrientes, Pedro Braillard Poccard; los titulares de las mencionadas \u00e1reas provinciales: Carlos Vignolo y Gabriel Romero, y el ministro de Seguridad, Buenaventura Duarte, entre otros.<\/p>\n\n\n\n<p>Durante estos cuatro d\u00edas, se llevar\u00e1n adelante n\u00fameros en vivo, con la participaci\u00f3n de artistas destacados como Bocha Sheridan, Amanday\u00e9, Chamam\u00e9 Ku\u00f1\u00e1 y La Pilarcita, a la vez que adem\u00e1s tendr\u00e1 lugar la elecci\u00f3n de la Pareja Nacional del Chamam\u00e9 2023, show de comparsas y de rap, y proyecci\u00f3n de Mapping.<\/p>\n\n\n\n<p>Cabe destacar que el complejo, adem\u00e1s, cuenta con patio cervecero, stands de comidas regionales y venta de artesan\u00edas.<\/p>\n\n\n\n<p><strong>Palabras del ministro Vignolo<\/strong><\/p>\n\n\n\n<p>Al ser consultado, el ministro secretario general de la Gobernaci\u00f3n, destac\u00f3 la puesta en marcha de esta nueva iniciativa de agenda cultural &#8220;para que la gente se habit\u00fae a la nueva utilidad que va a tener este predio, que ser\u00e1 convertido en un polo estrat\u00e9gico y de desarrollo para Corrientes&#8221;.<\/p>\n\n\n\n<p>&#8220;Tanto el pabell\u00f3n central como la fachada tienen protecci\u00f3n patrimonial y vamos a recuperarlos a nuevo, ya que son lugares que se utilizar\u00e1n para un museo, un polo gastron\u00f3mico, y compartir\u00e1n espacio con un centro de innovaci\u00f3n y de compra&#8221;, detall\u00f3 y a\u00f1adi\u00f3 el funcionario.<\/p>\n\n\n\n<p><strong>Gabriel Romero<\/strong><\/p>\n\n\n\n<p>Al momento de expresar sus sensaciones, el presidente del Instituto de Cultura de la Provincia, Gabriel Romero manifest\u00f3 que \u201cla idea de esta Fiesta, es visibilizar como est\u00e1 hoy el Penal y a partir de hoy trabajar posteriormente en un proyecto que ya es conocido por todos, que va a transformar las caracter\u00edsticas del espacio\u201d y agreg\u00f3 que \u201cnos parece importante poder dar vitalidad a este edificio, que es un edificio donde hay muchas historias tristes, que estuvo cerrada a la comunidad y abrir a la comunidad es muy importante\u201d.<\/p>\n\n\n\n<p>Con respecto a la masiva concurrencia, Romero destac\u00f3 que \u201cel predio est\u00e1 pr\u00e1cticamente repleto, hay mucha vida, una circulaci\u00f3n de gente importante, adem\u00e1s estamos dando una posibilidad para que muchos emprendedores correntinos tengan su lugar para trabajar\u201d.<\/p>\n\n\n\n<p><strong>Para esta noche<\/strong><\/p>\n\n\n\n<p>En esta jornada de viernes, se espera el turno de la vertiente de la m\u00fasica; en este caso los artistas subir\u00e1n al escenario a partir de las 19, eligi\u00e9ndose a los noveles valores chamameceros que acceder\u00e1n de esta manera a un lugar en la grilla art\u00edstica de la 32\u00aa Fiesta Nacional del Chamam\u00e9, a desarrollarse del 13 al 22 de enero pr\u00f3ximo.<\/p>\n\n\n\n<p>En esta oportunidad, esta gran final contar\u00e1 con la participaci\u00f3n de 85 rubros finalistas y con un total aproximado de 500 j\u00f3venes artistas en escena, provenientes de diversas sedes provinciales, nacionales e internacionales.&nbsp;<\/p>\n","protected":false},"excerpt":{"rendered":"<p>El Gobierno provincial inici\u00f3 este jueves la denominada Fiesta de la Unidad con la participaci\u00f3n de una masiva concurrencia, en el ex predio penitenciario que se encuentra ubicado en la&hellip; <\/p>\n","protected":false},"author":1,"featured_media":26347,"comment_status":"closed","ping_status":"open","sticky":false,"template":"","format":"standard","meta":{"footnotes":""},"categories":[23],"tags":[],"class_list":["post-26346","post","type-post","status-publish","format-standard","has-post-thumbnail","hentry","category-actualidad"],"_links":{"self":[{"href":"https:\/\/corrientesdetarde.com\/index.php\/wp-json\/wp\/v2\/posts\/26346","targetHints":{"allow":["GET"]}}],"collection":[{"href":"https:\/\/corrientesdetarde.com\/index.php\/wp-json\/wp\/v2\/posts"}],"about":[{"href":"https:\/\/corrientesdetarde.com\/index.php\/wp-json\/wp\/v2\/types\/post"}],"author":[{"embeddable":true,"href":"https:\/\/corrientesdetarde.com\/index.php\/wp-json\/wp\/v2\/users\/1"}],"replies":[{"embeddable":true,"href":"https:\/\/corrientesdetarde.com\/index.php\/wp-json\/wp\/v2\/comments?post=26346"}],"version-history":[{"count":1,"href":"https:\/\/corrientesdetarde.com\/index.php\/wp-json\/wp\/v2\/posts\/26346\/revisions"}],"predecessor-version":[{"id":26348,"href":"https:\/\/corrientesdetarde.com\/index.php\/wp-json\/wp\/v2\/posts\/26346\/revisions\/26348"}],"wp:featuredmedia":[{"embeddable":true,"href":"https:\/\/corrientesdetarde.com\/index.php\/wp-json\/wp\/v2\/media\/26347"}],"wp:attachment":[{"href":"https:\/\/corrientesdetarde.com\/index.php\/wp-json\/wp\/v2\/media?parent=26346"}],"wp:term":[{"taxonomy":"category","embeddable":true,"href":"https:\/\/corrientesdetarde.com\/index.php\/wp-json\/wp\/v2\/categories?post=26346"},{"taxonomy":"post_tag","embeddable":true,"href":"https:\/\/corrientesdetarde.com\/index.php\/wp-json\/wp\/v2\/tags?post=26346"}],"curies":[{"name":"wp","href":"https:\/\/api.w.org\/{rel}","templated":true}]}}