{"id":263964,"date":"2026-07-14T09:32:26","date_gmt":"2026-07-14T12:32:26","guid":{"rendered":"https:\/\/corrientesdetarde.com\/?p=263964"},"modified":"2026-07-14T09:32:34","modified_gmt":"2026-07-14T12:32:34","slug":"la-justicia-de-espana-condeno-al-hermano-de-pedro-sanchez-a-9-anos-de-inhabilitacion-le-habian-creado-un-cargo-innecesario","status":"publish","type":"post","link":"https:\/\/corrientesdetarde.com\/index.php\/internacionales\/la-justicia-de-espana-condeno-al-hermano-de-pedro-sanchez-a-9-anos-de-inhabilitacion-le-habian-creado-un-cargo-innecesario\/","title":{"rendered":"La Justicia de Espa\u00f1a conden\u00f3 al hermano de Pedro S\u00e1nchez a 9 a\u00f1os de inhabilitaci\u00f3n: le hab\u00edan creado un cargo \u201cinnecesario\u201d"},"content":{"rendered":"\n<p>David S\u00e1nchez fue declarado culpable del delito de prevaricaci\u00f3n administrativa. Lo absolvieron del delito de tr\u00e1fico de influencias y evit\u00f3 la c\u00e1rcel.<\/p>\n\n\n\n<p>El hermano menor del presidente del Gobierno espa\u00f1ol,\u00a0<strong>Pedro S\u00e1nchez<\/strong>, qued\u00f3\u00a0<strong>inhabilitado para ejercer cargos p\u00fablicos<\/strong>\u00a0durante nueve a\u00f1os, seg\u00fan dispuso un tribunal de la regi\u00f3n de\u00a0<strong>Extremadura<\/strong>.<\/p>\n\n\n\n<p>La sentencia recay\u00f3 sobre\u00a0<strong>David S\u00e1nchez<\/strong>\u00a0por su rol en la obtenci\u00f3n de un puesto laboral que, seg\u00fan la Justicia,\u00a0<strong>fue creado espec\u00edficamente para \u00e9l<\/strong>.<\/p>\n\n\n\n<p>El fallo, emitido este a\u00f1o por la corte de&nbsp;<strong>Badajoz<\/strong>, determin\u00f3 que David S\u00e1nchez fue \u201cautor por cooperaci\u00f3n necesaria de un&nbsp;<strong>delito de prevaricaci\u00f3n administrativa<\/strong>\u201d.<\/p>\n\n\n\n<p>Sin embargo, el tribunal lo&nbsp;<strong>absolvi\u00f3 del delito de tr\u00e1fico de influencias<\/strong>, lo que evit\u00f3 que recibiera una pena de prisi\u00f3n.<\/p>\n\n\n\n<h2 class=\"wp-block-heading\">El caso por el cargo en los conservatorios de Badajoz<\/h2>\n\n\n\n<p>David S\u00e1nchez,&nbsp;<strong>compositor y director de orquesta<\/strong>&nbsp;con experiencia en ciudades como&nbsp;<strong>San Petersburgo, Toulouse, Tokio y Madrid<\/strong>, fue procesado junto a otras diez personas.<\/p>\n\n\n\n<p>La acusaci\u00f3n se\u00f1alaba que S\u00e1nchez, que utiliza el seud\u00f3nimo art\u00edstico de&nbsp;<strong>David Azagra,<\/strong>&nbsp;hab\u00eda recibido un&nbsp;<strong>trato de favor&nbsp;<\/strong>para acceder a un puesto de&nbsp;<strong>coordinador de conservatorios<\/strong>&nbsp;en Badajoz, un cargo que la Justicia consider\u00f3&nbsp;<strong>\u201cni necesario ni urgente\u201d<\/strong>&nbsp;y que respondi\u00f3 \u201cal inter\u00e9s particular de su adjudicatario y no al inter\u00e9s general\u201d.<\/p>\n\n\n\n<p>Los magistrados concluyeron que se vulneraron los principios de m\u00e9rito y capacidad y hablan de un plan ejecutado \u201cde consuno\u201d por los distintos acusados para&nbsp;<strong>favorecer al hermano del entonces secretario general del PSOE.<\/strong><\/p>\n\n\n\n<p>Seg\u00fan la sentencia, las maniobras para crear ese puesto comenzaron en 2016, antes de que Pedro S\u00e1nchez asumiera la presidencia del Gobierno en 2018. David S\u00e1nchez ocup\u00f3 el cargo al menos hasta principios de 2025.<\/p>\n\n\n\n<p>Los magistrados remarcaron en su fallo que \u201cesta pr\u00e1ctica poco \u00e9tica&nbsp;<strong>da\u00f1a la salud democr\u00e1tica, fomenta la corrupci\u00f3n y la desigualdad de oportunidades<\/strong>\u201d.<\/p>\n\n\n\n<figure class=\"wp-block-image\"><img decoding=\"async\" src=\"https:\/\/tn.com.ar\/resizer\/v2\/segun-la-justicia-le-crearon-un-cargo-que-no-era-necesario-a-david-sanchez-el-hermano-musico-de-pedro-sanchez-foto-afpjorge-guerrero-WD4XFZIQ5BHFDB2BBF6L45XET4.jpg?auth=8217e972a9c24a03e595f23e87b550cc015df8ec0225447ac90735b3004c8411&amp;width=767\" alt=\"Seg\u00fan la Justicia, le crearon un cargo que &quot;no era necesario&quot; a David S\u00e1nchez, el hermano m\u00fasico de Pedro S\u00e1nchez. (Foto:  AFP\/Jorge Guerrero).\"\/><\/figure>\n\n\n\n<p>El juicio, celebrado entre el 28 de mayo y el 9 de junio,&nbsp;dio un giro con las declaraciones del teniente coronel&nbsp;de la Polic\u00eda Judicial Antonio Balas, quien sostuvo que la creaci\u00f3n del puesto&nbsp;<strong>no parti\u00f3 del \u00e1rea de Cultura sino que fue impuesta \u201cdesde las altas instancias de la Diputaci\u00f3n\u201d<\/strong>, y de&nbsp;Cristina de Frutos, una de las aspirantes al puesto, que relat\u00f3 que antes de la entrevista le advirtieron de que la plaza \u201cera para el hermano de Pedro S\u00e1nchez\u201d.<\/p>\n\n\n\n<p>El expresidente socialista de la Diputaci\u00f3n, Miguel \u00c1ngel Gallardo, recibi\u00f3 una condena mayor que S\u00e1nchez: 18 a\u00f1os de inhabilitaci\u00f3n. Seg\u00fan el tribunal, fue Gallardo quien impuls\u00f3 desde la presidenciade la instituci\u00f3n provincial la creaci\u00f3n del puesto. El caso arranc\u00f3 en 2024&nbsp;a ra\u00edz de una denuncia de la organizaci\u00f3n Manos Limpias.<\/p>\n\n\n\n<h2 class=\"wp-block-heading\">El impacto pol\u00edtico para Pedro S\u00e1nchez<\/h2>\n\n\n\n<p>El juicio a David S\u00e1nchez se desarroll\u00f3 entre mayo y junio y represent\u00f3 uno de los principales desaf\u00edos judiciales para el actual presidente espa\u00f1ol, que&nbsp;<strong>gobierna en minor\u00eda parlamentaria<\/strong>&nbsp;y enfrenta dificultades para aprobar presupuestos y avanzar con sus iniciativas.<\/p>\n\n\n\n<figure class=\"wp-block-image\"><img decoding=\"async\" src=\"https:\/\/tn.com.ar\/resizer\/v2\/el-presidente-de-gobierno-de-espana-pedro-sanchez-foto-apmarius-burgelman-6RX5C67SQE6ZWHQFBU33PMERIQ.jpg?auth=5c35cea5039f3fd58afd37e233b0af5cebc7268cf50ec654a24fd678e7161087&amp;width=767\" alt=\"El presidente de gobierno de Espa\u00f1a, Pedro S\u00e1nchez. (Foto: AP\/Marius Burgelman).\"\/><\/figure>\n\n\n\n<p>Pedro S\u00e1nchez, que defendi\u00f3 la inocencia de su hermano y rechaz\u00f3 los pedidos de la oposici\u00f3n para adelantar las elecciones generales previstas para 2027, suma este caso a otros frentes judiciales que afectan a su entorno.<\/p>\n\n\n\n<p>Entre ellos, los procesos por corrupci\u00f3n contra&nbsp;<strong>Santos Cerd\u00e1n<\/strong>&nbsp;y&nbsp;<strong>Jos\u00e9 Luis \u00c1balos<\/strong>, figuras clave en su llegada al poder en 2018, y la situaci\u00f3n de su esposa&nbsp;<strong>Bego\u00f1a<\/strong>, investigada por presunto tr\u00e1fico de influencias.<\/p>\n\n\n\n<p>A este escenario se sum\u00f3 la imputaci\u00f3n del expresidente&nbsp;<strong>Jos\u00e9 Luis Rodr\u00edguez Zapatero<\/strong>, aliado pol\u00edtico de S\u00e1nchez, por tr\u00e1fico de influencias a cambio de sobornos.<\/p>\n","protected":false},"excerpt":{"rendered":"<p>David S\u00e1nchez fue declarado culpable del delito de prevaricaci\u00f3n administrativa. Lo absolvieron del delito de tr\u00e1fico de influencias y evit\u00f3 la c\u00e1rcel. El hermano menor del presidente del Gobierno espa\u00f1ol,\u00a0Pedro&hellip; <\/p>\n","protected":false},"author":8,"featured_media":263965,"comment_status":"closed","ping_status":"open","sticky":false,"template":"","format":"standard","meta":{"footnotes":""},"categories":[11],"tags":[],"class_list":["post-263964","post","type-post","status-publish","format-standard","has-post-thumbnail","hentry","category-internacionales"],"_links":{"self":[{"href":"https:\/\/corrientesdetarde.com\/index.php\/wp-json\/wp\/v2\/posts\/263964","targetHints":{"allow":["GET"]}}],"collection":[{"href":"https:\/\/corrientesdetarde.com\/index.php\/wp-json\/wp\/v2\/posts"}],"about":[{"href":"https:\/\/corrientesdetarde.com\/index.php\/wp-json\/wp\/v2\/types\/post"}],"author":[{"embeddable":true,"href":"https:\/\/corrientesdetarde.com\/index.php\/wp-json\/wp\/v2\/users\/8"}],"replies":[{"embeddable":true,"href":"https:\/\/corrientesdetarde.com\/index.php\/wp-json\/wp\/v2\/comments?post=263964"}],"version-history":[{"count":1,"href":"https:\/\/corrientesdetarde.com\/index.php\/wp-json\/wp\/v2\/posts\/263964\/revisions"}],"predecessor-version":[{"id":263966,"href":"https:\/\/corrientesdetarde.com\/index.php\/wp-json\/wp\/v2\/posts\/263964\/revisions\/263966"}],"wp:featuredmedia":[{"embeddable":true,"href":"https:\/\/corrientesdetarde.com\/index.php\/wp-json\/wp\/v2\/media\/263965"}],"wp:attachment":[{"href":"https:\/\/corrientesdetarde.com\/index.php\/wp-json\/wp\/v2\/media?parent=263964"}],"wp:term":[{"taxonomy":"category","embeddable":true,"href":"https:\/\/corrientesdetarde.com\/index.php\/wp-json\/wp\/v2\/categories?post=263964"},{"taxonomy":"post_tag","embeddable":true,"href":"https:\/\/corrientesdetarde.com\/index.php\/wp-json\/wp\/v2\/tags?post=263964"}],"curies":[{"name":"wp","href":"https:\/\/api.w.org\/{rel}","templated":true}]}}